{"id":9224,"date":"2013-07-21T19:14:06","date_gmt":"2013-07-21T17:14:06","guid":{"rendered":"http:\/\/www.funtur.ro\/blog\/?p=9224"},"modified":"2016-06-26T10:28:24","modified_gmt":"2016-06-26T08:28:24","slug":"machu-picchu-subiectiv-salkantay-cu-grupul-multinational-i","status":"publish","type":"post","link":"https:\/\/www.funtur.ro\/blog\/2013\/07\/21\/machu-picchu-subiectiv-salkantay-cu-grupul-multinational-i\/","title":{"rendered":"Machu Picchu subiectiv &#8211; Salkantay cu grupul multina\u0163ional (I)"},"content":{"rendered":"<p>&nbsp;<\/p>\n<p>Cinci zile\u00a0de mers pe munte pe traseul <strong>Salkantay<\/strong> (de fapt patru \u015fi-un pic c\u0103 ultima a fost la <a href=\"https:\/\/www.funtur.ro\/blog\/2013\/04\/15\/machu-picchu-subiectiv-si-trenul-ca-un-avion\/#.Uev1TG3cPSg\"><strong>Machu Picchu<\/strong><\/a>) cu ghid, un buc\u0103tar, 2 c\u0103r\u0103u\u015fi \u015fi un grup de 9 persoane au fost o experien\u0163\u0103 amestecat\u0103 pe care n-a\u015f mai repeta-o chiar m\u00e2ine. Am eu o mare problem\u0103 cu mersul \u00een grup necunoscut \u015fi de-aia dac\u0103 pot evita, nu merg cu excursie organizat\u0103. S\u0103 nu exager\u0103m! Problema nu e mare c\u0103 n-am \u00eemb\u0103tr\u00e2nit degeaba!<\/p>\n<p>La \u00eenceput, totul p\u0103rea \u00een regul\u0103.<\/p>\n<p>Grupul:<\/p>\n<ul>\n<li>un cuplu de americani peste 60 de ani, plimba\u0163i, condi\u0163ie fizic\u0103 foarte bun\u0103, dr\u0103gu\u0163i, pl\u0103cu\u0163i, nepreten\u0163io\u015fi &#8211; s\u0103-i numim Jack \u015fi Jill;<\/li>\n<\/ul>\n<p><a href=\"https:\/\/www.funtur.ro\/blog\/wp-content\/uploads\/In-tren-spre-Aguas-Calientes1.jpg\"><img loading=\"lazy\" decoding=\"async\" class=\"alignleft size-large wp-image-9749\" src=\"https:\/\/www.funtur.ro\/blog\/wp-content\/uploads\/In-tren-spre-Aguas-Calientes1-1024x768.jpg\" alt=\"In tren spre Aguas Calientes\" width=\"384\" height=\"286\" \/><\/a><\/p>\n<ul>\n<li>una bucat\u0103 pereche ne-pereche (cel pu\u0163in din punctul lui de vedere) &#8211; el, \u00een jur de 35, u\u015for grizonat, sportiv, \u00eenalt, arian, spoial\u0103 de educa\u0163ie, genul care se crede subtil \u015fi ironic, a c\u0103rui imagina\u0163ie se ridic\u0103 u\u015for peste nivelul solului doar ca s\u0103 cad\u0103 brusc la zero. S\u0103-i zicem Bill;<\/li>\n<\/ul>\n<p><a href=\"https:\/\/www.funtur.ro\/blog\/wp-content\/uploads\/Sigkers.jpg\"><img loading=\"lazy\" decoding=\"async\" class=\"alignleft size-large wp-image-9750\" src=\"https:\/\/www.funtur.ro\/blog\/wp-content\/uploads\/Sigkers-1024x776.jpg\" alt=\"Sigkers\" width=\"384\" height=\"289\" \/><\/a><\/p>\n<p>ea &#8211; blond\u0103, ur\u00e2\u0163ic\u0103, tot \u00een jur de 35, probabil \u00eendr\u0103gostit\u0103 de el (dac\u0103 judec\u0103m dup\u0103 privirile aprobatoare \u015fi limbajul corporal), important\u0103, condescendent\u0103 la limita polite\u0163ii (genul &#8220;sunt sportiv\u0103, sunt de\u015fteapt\u0103 mult peste medie dar sunt suficient de educat\u0103 s\u0103 nu fiu de-adreptul jignitoare cu muritorii de r\u00e2nd ne-arieni, mai b\u0103tr\u00e2ni sau oricine nu e &#8220;cool&#8221;&#8221;). I s-ar potrivi numele de Barbara;<\/p>\n<p><a href=\"https:\/\/www.funtur.ro\/blog\/wp-content\/uploads\/Jenny1.jpg\"><img loading=\"lazy\" decoding=\"async\" class=\"alignleft size-large wp-image-9751\" src=\"https:\/\/www.funtur.ro\/blog\/wp-content\/uploads\/Jenny1-1024x766.jpg\" alt=\"Jenny1\" width=\"384\" height=\"285\" \/><\/a><\/p>\n<p><a href=\"https:\/\/www.funtur.ro\/blog\/wp-content\/uploads\/DSCN7759.jpg\"><img loading=\"lazy\" decoding=\"async\" class=\"alignleft size-large wp-image-9755\" src=\"https:\/\/www.funtur.ro\/blog\/wp-content\/uploads\/DSCN7759-1024x768.jpg\" alt=\"DSCN7759\" width=\"384\" height=\"287\" srcset=\"https:\/\/www.funtur.ro\/blog\/wp-content\/uploads\/DSCN7759-1024x768.jpg 1024w, https:\/\/www.funtur.ro\/blog\/wp-content\/uploads\/DSCN7759-300x225.jpg 300w\" sizes=\"auto, (max-width: 384px) 100vw, 384px\" \/><\/a><\/p>\n<ul>\n<li>o americanc\u0103 de origine asiatic\u0103 &#8211; mititic\u0103, delicat\u0103, cuminte \u015fi modest\u0103 la prima vedere. La a doua privire, lucrurile se complic\u0103 major. Ar putea s\u0103 se numeasc\u0103 Pamela;<\/li>\n<\/ul>\n<p><a href=\"https:\/\/www.funtur.ro\/blog\/wp-content\/uploads\/IMG_3208.jpg\"><img loading=\"lazy\" decoding=\"async\" class=\"alignleft size-large wp-image-9756\" src=\"https:\/\/www.funtur.ro\/blog\/wp-content\/uploads\/IMG_3208-1024x683.jpg\" alt=\"IMG_3208\" width=\"384\" height=\"255\" srcset=\"https:\/\/www.funtur.ro\/blog\/wp-content\/uploads\/IMG_3208-1024x683.jpg 1024w, https:\/\/www.funtur.ro\/blog\/wp-content\/uploads\/IMG_3208-300x200.jpg 300w\" sizes=\"auto, (max-width: 384px) 100vw, 384px\" \/><\/a><\/p>\n<ul>\n<li>o pereche e norvegieni &#8211; un pu\u015fti de cam 30 de ani (care arat\u0103 de 20) t\u0103cut, individualist, foarte sportiv \u015fi un tip un pic peste 50 de ani, sub\u0163irel, \u00eentr-o condi\u0163ie fizic\u0103 excelent\u0103, la fel de t\u0103cut \u015fi rezervat. Dup\u0103 diverse specula\u0163ii cu privire la rela\u0163ia dintre ei, afl\u0103m dup\u0103 dou\u0103 zile c\u0103 sunt tat\u0103 \u015fi fiu. De ce specula\u0163ii? C\u0103ci rela\u0163ia lor e foarte incert\u0103. Gay dar discre\u0163i? Doar prieteni (cam mare diferen\u0163a de v\u00e2rst\u0103)? Nu prea vorbesc \u00eentre ei \u015fi nu par s\u0103 \u00eempart\u0103 cu adev\u0103rat dec\u00e2t urcatul pe munte. Povestea pe care o aflu de la Jill (care a stat mai mult de vorb\u0103 cu fiecare-n parte): copil cu probleme, imatur, cu copil mic, pe cale de divor\u0163at, dus de tat\u0103 \u00eentr-o excursie \u00een care sper\u0103 s\u0103 \u015fi-l apropie \u015fi s\u0103-l ajute cumva. Nu d\u0103deau semne c\u0103 ar fi reu\u015fit cine \u015ftie ce comunicare. Dar, sper c\u0103 poate au reu\u015fit p\u00e2n\u0103 la sf\u00e2r\u015fitul c\u0103l\u0103toriei. Ce zice\u0163i de numele Biorn \u015fi Olm?<\/li>\n<\/ul>\n<p><a href=\"https:\/\/www.funtur.ro\/blog\/wp-content\/uploads\/DSCN7205.jpg\"><img loading=\"lazy\" decoding=\"async\" class=\"alignleft size-large wp-image-9759\" src=\"https:\/\/www.funtur.ro\/blog\/wp-content\/uploads\/DSCN7205-1024x768.jpg\" alt=\"DSCN7205\" width=\"386\" height=\"289\" srcset=\"https:\/\/www.funtur.ro\/blog\/wp-content\/uploads\/DSCN7205-1024x768.jpg 1024w, https:\/\/www.funtur.ro\/blog\/wp-content\/uploads\/DSCN7205-300x225.jpg 300w\" sizes=\"auto, (max-width: 386px) 100vw, 386px\" \/><\/a><\/p>\n<ul>\n<li>prietenul meu peruan Fernando care mi-a tare drag pentru c\u0103 e inteligent, subtil, cu umor, serios \u015fi principial, t\u0103ios uneori, foarte educat \u015fi surprinz\u0103tor de \u00een\u0163elept \u00een aceast context \u00een care a ar\u0103tat o toleran\u0163\u0103 la care nu m\u0103 a\u015fteptam, av\u00e2nd \u00een vedere c\u0103 nu are dec\u00e2t pu\u0163in peste 40.<\/li>\n<\/ul>\n<p><img loading=\"lazy\" decoding=\"async\" class=\"alignleft size-large wp-image-9764\" src=\"https:\/\/www.funtur.ro\/blog\/wp-content\/uploads\/IMG_3404-1024x683.jpg\" alt=\"IMG_3404\" width=\"386\" height=\"257\" srcset=\"https:\/\/www.funtur.ro\/blog\/wp-content\/uploads\/IMG_3404-1024x683.jpg 1024w, https:\/\/www.funtur.ro\/blog\/wp-content\/uploads\/IMG_3404-300x200.jpg 300w\" sizes=\"auto, (max-width: 386px) 100vw, 386px\" \/><\/p>\n<ul>\n<li>o rom\u00e2nc\u0103 trecut\u0103 de prima tinere\u0163e care, din fericire, a \u00eenv\u0103\u0163at cu v\u00e2rsta s\u0103 treac\u0103 peste lucrurile mai pu\u0163in pl\u0103cute \u015fi s\u0103 se bucure de fiecare zi \u015fi de orice mic\u0103 pietricic\u0103 a lumii &#8211; adic\u0103 eu.<\/li>\n<\/ul>\n<p><img loading=\"lazy\" decoding=\"async\" class=\"alignleft size-large wp-image-9766\" src=\"https:\/\/www.funtur.ro\/blog\/wp-content\/uploads\/Pe-munte-1024x683.jpg\" alt=\"Pe munte\" width=\"386\" height=\"257\" srcset=\"https:\/\/www.funtur.ro\/blog\/wp-content\/uploads\/Pe-munte-1024x683.jpg 1024w, https:\/\/www.funtur.ro\/blog\/wp-content\/uploads\/Pe-munte-300x200.jpg 300w\" sizes=\"auto, (max-width: 386px) 100vw, 386px\" \/><\/p>\n<p>Peruanii de la agen\u0163ie:<\/p>\n<p>Doi c\u0103r\u0103u\u015fi &#8211; eficien\u0163i, foarte t\u0103cu\u0163i, invizibili\u00a0 &#8211; au muncit din greu primele trei zile de munte \u00een care am dormit la corturi &#8211; pune corturi, \u015fterge corturi, str\u00e2nge corturi, \u00eencarc\u0103 tot pe cai, \u00eencarc\u0103 bagaje, descarc\u0103 bagaje, desf\u0103 vasele de g\u0103tit, str\u00e2nge, cur\u0103\u0163\u0103, car\u0103.<\/p>\n<p><img loading=\"lazy\" decoding=\"async\" class=\"alignleft size-large wp-image-9774\" src=\"https:\/\/www.funtur.ro\/blog\/wp-content\/uploads\/DSCN7236-1024x768.jpg\" alt=\"DSCN7236\" width=\"385\" height=\"287\" \/><\/p>\n<ul>\n<li>Un buc\u0103tar &#8211; genial! A g\u0103tit timp de trei zile de trei ori pe zi plus dou\u0103 mese \u00een a patra zi. Nu s-a repetat niciodat\u0103. Totul a fost delicios. A reu\u015fit s\u0103 ne preg\u0103teasc\u0103 chiar un tort \u00een ultima sear\u0103 de cort.<\/li>\n<\/ul>\n<p><a href=\"http:\/\/commons.wikimedia.org\/wiki\/File:Aj%C3%AD_de_gallina_%28gourmet%29-b.jpg\"><img loading=\"lazy\" decoding=\"async\" src=\"https:\/\/www.funtur.ro\/blog\/wp-content\/uploads\/DSCN7086-1024x768.jpg\" alt=\"DSCN7086\" width=\"385\" height=\"288\" \/><\/a><\/p>\n<p>\u00cen ultima zi, \u00een vreme ce-i a\u015fteptam pe cei 6 care au plecat s\u0103 mai fac\u0103 un munte, la <em>Hidroelectrica<\/em>, gara mic\u0103 de unde am luat trenul c\u0103tre <em>Aguas Calientes<\/em>, a stat cu noi \u015fi a fost at\u00e2t de dr\u0103gu\u0163 \u00eenc\u00e2t ne-a dat \u015fi re\u0163ete (nu mie, c\u0103 n-am avut r\u0103bdare s\u0103 notez &#8211; dar Fernando \u015fi Jill au luat noti\u0163e detaliate \u015fi dac\u0103 sunte\u0163i interesa\u0163i, pot oric\u00e2nd apela la Fernando). Ca s\u0103 nu zice\u0163i c\u0103 nu v\u0103 dau un pic pe la nas, <a href=\"http:\/\/menuperu.elcomercio.pe\/recetas\/aji-de-gallina-608\">aici <\/a>g\u0103si\u0163i una dintre re\u0163etele de <em>Aji de gallina<\/em> (o m\u00e2ncare cu pui \u015fi sos de aji &#8211; ardei galben iute pe care Peruanii \u00eel folosesc la foarte multe feluri de m\u00e2ncare &#8211; br\u00e2nz\u0103 \u015fi multe altele). N-am cuvinte s\u0103 v\u0103 explic c\u00e2t e de gustoas\u0103!<\/p>\n<p><a href=\"http:\/\/commons.wikimedia.org\/wiki\/File:Aj%C3%AD_de_gallina_%28gourmet%29-b.jpg\"><img loading=\"lazy\" decoding=\"async\" src=\"https:\/\/www.funtur.ro\/blog\/wp-content\/uploads\/790px-Aj\u00ed_de_gallina_gourmet-b.jpg\" alt=\"790px-Aj\u00ed_de_gallina_(gourmet)-b\" width=\"384\" height=\"290\" \/><\/a><\/p>\n<p><a href=\"http:\/\/commons.wikimedia.org\/wiki\/File:Aj%C3%AD_de_gallina_%28gourmet%29-b.jpg\">Surs\u0103 foto<\/a><\/p>\n<ul>\n<li>Ghidul &#8211; amuzant \u015fi cu carism\u0103 dar u\u015for frivol, care se crede macho (\u015fi se d\u0103 bine pe l\u00e2ng\u0103 turistele nem\u0103ritate indiferent de v\u00e2rst\u0103) \u015fi nu cine \u015ftie ce ghid. Se descurca \u00een englez\u0103 cu un accent destul de pronun\u0163at \u015fi un vocabular destul de limitat. La <strong>Machu Picchu<\/strong> a turuit vreo dou\u0103 ore f\u0103c\u00e2nd o prezentare superficial\u0103 \u015fi destul de \u00een grab\u0103, \u00eenc\u0103p\u0103\u0163\u00e2n\u00e2ndu-se s\u0103 vorbeasc\u0103 \u00een englez\u0103 de\u015fi majoritatea \u00een\u0163elegeam spaniol\u0103 \u015fi mai era \u015fi Fernando pe acolo. C\u00e2nd i-am sugerat spaniola, s-a citit o u\u015foar\u0103 indignare pe fa\u0163a lui \u015fi mi-a fost clar c\u0103 s-a sim\u0163it lezat \u00een amorul propriu a\u015fa c\u0103 l-am l\u0103sat \u00een cat\u00e2rii lui. Cumva, datorit\u0103 firii sale pl\u0103cute \u015fi vesele de &#8220;latino&#8221; i-am iertat gre\u015felile, de\u015fi cel pu\u0163in una n-a prea fost de iertat.<\/li>\n<\/ul>\n<p><a href=\"https:\/\/www.funtur.ro\/blog\/wp-content\/uploads\/DSCN7638.jpg\"><img loading=\"lazy\" decoding=\"async\" class=\"alignleft size-large wp-image-9789\" src=\"https:\/\/www.funtur.ro\/blog\/wp-content\/uploads\/DSCN7638-768x1024.jpg\" alt=\"DSCN7638\" width=\"390\" height=\"520\" srcset=\"https:\/\/www.funtur.ro\/blog\/wp-content\/uploads\/DSCN7638-768x1024.jpg 768w, https:\/\/www.funtur.ro\/blog\/wp-content\/uploads\/DSCN7638-225x300.jpg 225w, https:\/\/www.funtur.ro\/blog\/wp-content\/uploads\/DSCN7638.jpg 1944w\" sizes=\"auto, (max-width: 390px) 100vw, 390px\" \/><\/a><\/p>\n<p>Ei, dar despre gre\u015feal\u0103\u00a0 &#8211; data viitoare. Dac\u0103 sunte\u0163i cumin\u0163i, povestea mea subiectiv\u0103 despre asta \u015fi grupul multina\u0163ional pe drum spre <strong>Machu Picchu<\/strong> va veni cur\u00e2nd.<\/p>\n<p>&nbsp;<\/p>\n<p>Episodul doi <a href=\"https:\/\/www.funtur.ro\/blog\/2013\/07\/30\/machu-picchu-subiectiv-salkantay-cu-grup-multinational-ii\/\">aici<\/a>.<\/p>\n","protected":false},"excerpt":{"rendered":"<p>&nbsp; Cinci zile&nbsp;de mers pe munte pe traseul Salkantay (de fapt patru &#351;i-un pic c&#259; ultima a fost la Machu Picchu) cu ghid, un buc&#259;tar, 2 c&#259;r&#259;u&#351;i &#351;i un grup de 9 persoane au fost o experien&#355;&#259; amestecat&#259; pe care n-a&#351; mai repeta-o chiar m&acirc;ine. Am eu o mare problem&#259; cu mersul &icirc;n grup necunoscut [&hellip;]<\/p>\n","protected":false},"author":6,"featured_media":0,"comment_status":"open","ping_status":"open","sticky":false,"template":"","format":"standard","meta":{"footnotes":""},"categories":[10,9,6],"tags":[2136,2138,2134,2137,2133,1931,2135],"class_list":["post-9224","post","type-post","status-publish","format-standard","hentry","category-atractii-turistice","category-insemnari-din-calatorii","category-prin-lume","tag-cu-cine-mergi-pe-munte","tag-excursii-cu-grupul-in-peru","tag-excursii-in-grup","tag-la-drum-cu-necunoscuti","tag-pe-munte-cu-grupul","tag-pe-munte-in-peru","tag-traseul-salkantay-spre-machu-picchu"],"_links":{"self":[{"href":"https:\/\/www.funtur.ro\/blog\/wp-json\/wp\/v2\/posts\/9224","targetHints":{"allow":["GET"]}}],"collection":[{"href":"https:\/\/www.funtur.ro\/blog\/wp-json\/wp\/v2\/posts"}],"about":[{"href":"https:\/\/www.funtur.ro\/blog\/wp-json\/wp\/v2\/types\/post"}],"author":[{"embeddable":true,"href":"https:\/\/www.funtur.ro\/blog\/wp-json\/wp\/v2\/users\/6"}],"replies":[{"embeddable":true,"href":"https:\/\/www.funtur.ro\/blog\/wp-json\/wp\/v2\/comments?post=9224"}],"version-history":[{"count":36,"href":"https:\/\/www.funtur.ro\/blog\/wp-json\/wp\/v2\/posts\/9224\/revisions"}],"predecessor-version":[{"id":12475,"href":"https:\/\/www.funtur.ro\/blog\/wp-json\/wp\/v2\/posts\/9224\/revisions\/12475"}],"wp:attachment":[{"href":"https:\/\/www.funtur.ro\/blog\/wp-json\/wp\/v2\/media?parent=9224"}],"wp:term":[{"taxonomy":"category","embeddable":true,"href":"https:\/\/www.funtur.ro\/blog\/wp-json\/wp\/v2\/categories?post=9224"},{"taxonomy":"post_tag","embeddable":true,"href":"https:\/\/www.funtur.ro\/blog\/wp-json\/wp\/v2\/tags?post=9224"}],"curies":[{"name":"wp","href":"https:\/\/api.w.org\/{rel}","templated":true}]}}