{"id":9204,"date":"2013-06-07T09:15:18","date_gmt":"2013-06-07T07:15:18","guid":{"rendered":"http:\/\/www.funtur.ro\/blog\/?p=9204"},"modified":"2013-06-07T09:15:18","modified_gmt":"2013-06-07T07:15:18","slug":"foto-mini-poveste-la-cinque-terre-sa-nu-mergi-fara-costum-de-baie","status":"publish","type":"post","link":"https:\/\/www.funtur.ro\/blog\/2013\/06\/07\/foto-mini-poveste-la-cinque-terre-sa-nu-mergi-fara-costum-de-baie\/","title":{"rendered":"Foto mini-poveste &#8211; la Cinque Terre s\u0103 nu mergi f\u0103r\u0103 costum de baie"},"content":{"rendered":"<p>&nbsp;<\/p>\n<p>Dac\u0103 tot faci baie \u00een ocean sau la mediteran\u0103, sau la orice mare care e mai s\u0103rat\u0103 dec\u00e2t a noastr\u0103, unde trebuie obligatoriu s\u0103 folose\u015fti ochelari ca s\u0103 nu te doar\u0103 ochii s\u0103 mori, m\u0103car s\u0103 faci baie \u00eentr-o mare spectaculoas\u0103. La Viareggio \u00een apropiere de Pisa, marea m-a l\u0103sat total rece, dar nu datorit\u0103 temperaturii ci a banalului. O baie aproximativ\u0103 \u00eentr-o ap\u0103 cam tulbure \u015fi cam murdar\u0103. Eu fiind cam ra\u0163\u0103 b\u0103l\u0103citoare, am ie\u015fit total nemul\u0163umit\u0103. Nu acela\u015fi lucru s-a \u00eent\u00e2mplat la <a href=\"https:\/\/www.funtur.ro\/blog\/2012\/08\/10\/este-cinque-terre-pe-masura-laudelor\/#.UaoSUpx36M0\"><strong>Cinque Terre<\/strong><\/a>.<\/p>\n<p>Am cobor\u00e2t prin ora\u015ful colorat (c\u0103ruia nu-i lipsesc desigur rufele de la geamuri)<\/p>\n<p><a href=\"https:\/\/www.funtur.ro\/blog\/wp-content\/uploads\/DSCN3805.jpg\"><img loading=\"lazy\" decoding=\"async\" class=\"alignleft size-large wp-image-9206\" alt=\"DSCN3805\" src=\"https:\/\/www.funtur.ro\/blog\/wp-content\/uploads\/DSCN3805-1024x708.jpg\" width=\"421\" height=\"289\" \/><\/a><\/p>\n<p>p\u00een\u0103 la mare unde am r\u0103mas cu gura c\u0103scat\u0103 de frumuse\u0163ea apei perfect limpezi cu nuan\u0163e de turquoise, verde \u015fi albastru, cu st\u00e2nci numai bune de s\u0103rit \u015fi&#8230;<\/p>\n<p><a href=\"https:\/\/www.funtur.ro\/blog\/wp-content\/uploads\/In-ciuda-mea.jpg\"><img loading=\"lazy\" decoding=\"async\" class=\"alignleft size-large wp-image-9207\" alt=\"In ciuda mea\" src=\"https:\/\/www.funtur.ro\/blog\/wp-content\/uploads\/In-ciuda-mea-1024x768.jpg\" width=\"421\" height=\"316\" srcset=\"https:\/\/www.funtur.ro\/blog\/wp-content\/uploads\/In-ciuda-mea-1024x768.jpg 1024w, https:\/\/www.funtur.ro\/blog\/wp-content\/uploads\/In-ciuda-mea-300x225.jpg 300w\" sizes=\"auto, (max-width: 421px) 100vw, 421px\" \/><\/a><\/p>\n<p>\u00een secunda 10 (c\u0103 uimire a durat mai mult de o simpl\u0103 clip\u0103) m\u0103 izbe\u015fte \u00een creier un g\u00e2nd care dac\u0103 m-ar fi izbit la plecarea din Lucca ar fi putut fi catalogat ca unul genial. Acum era doar unul \u015focant, frustrant \u015fi d\u0103t\u0103tor de \u015futuri \u00eentr-un loc care le-ar fi meritat pe deplin. COSTUMUL DE BAIE! Uitasem costumul de baie. \u015ei m\u0103 uitam cu jind \u015fi extrem de mult\u0103 invidie la cei care se \u00eentindeau pe pietrele din ap\u0103 \u015fi care se b\u0103l\u0103ceau pe acolo. Dup\u0103 ce am c\u00e2nt\u0103rit o vreme ideea de a-mi cump\u0103ra un costum, am ajuns la concluzia c\u0103 e prea mare balamucul \u015fi pierderea de timp \u015fi mi-am extirpat o parte din creier, adic\u0103 partea aia care saliva pe l\u00eeng\u0103 ap\u0103 \u015fi sc\u00e2ncea ca proasta \u015fi, o zi \u00eentreag\u0103, m-am plimbat prin trei dintre cele cinci or\u0103\u015fele f\u0103c\u00e2ndu-m\u0103 c\u0103 nu \u015ftiu s\u0103 \u00eenot \u015fi zic\u00e2ndu-mi c\u0103 am venit s\u0103 v\u0103d \u015fi s\u0103 fac poze, nu s\u0103 m\u0103 b\u0103l\u0103cesc. Ba mai mult, m-am \u00eembufnat groaznic pe nepoata mea care a \u0163inut mor\u0163i\u015f s\u0103 mearg\u0103 s\u0103-\u015fi bage picioarele \u00een ap\u0103. Eu n-am avut aceast\u0103 for\u0163\u0103.<\/p>\n<p>&nbsp;<\/p>\n","protected":false},"excerpt":{"rendered":"<p>&nbsp; Dac&#259; tot faci baie &icirc;n ocean sau la mediteran&#259;, sau la orice mare care e mai s&#259;rat&#259; dec&acirc;t a noastr&#259;, unde trebuie obligatoriu s&#259; folose&#351;ti ochelari ca s&#259; nu te doar&#259; ochii s&#259; mori, m&#259;car s&#259; faci baie &icirc;ntr-o mare spectaculoas&#259;. La Viareggio &icirc;n apropiere de Pisa, marea m-a l&#259;sat total rece, dar nu [&hellip;]<\/p>\n","protected":false},"author":6,"featured_media":0,"comment_status":"open","ping_status":"open","sticky":false,"template":"","format":"standard","meta":{"footnotes":""},"categories":[10,5,9],"tags":[2035,2037,2036],"class_list":["post-9204","post","type-post","status-publish","format-standard","hentry","category-atractii-turistice","category-de-prin-europa","category-insemnari-din-calatorii","tag-apa-la-cinque-terre","tag-baie-la-cinque-terre","tag-cum-sa-mergi-la-cinque-terre"],"_links":{"self":[{"href":"https:\/\/www.funtur.ro\/blog\/wp-json\/wp\/v2\/posts\/9204","targetHints":{"allow":["GET"]}}],"collection":[{"href":"https:\/\/www.funtur.ro\/blog\/wp-json\/wp\/v2\/posts"}],"about":[{"href":"https:\/\/www.funtur.ro\/blog\/wp-json\/wp\/v2\/types\/post"}],"author":[{"embeddable":true,"href":"https:\/\/www.funtur.ro\/blog\/wp-json\/wp\/v2\/users\/6"}],"replies":[{"embeddable":true,"href":"https:\/\/www.funtur.ro\/blog\/wp-json\/wp\/v2\/comments?post=9204"}],"version-history":[{"count":6,"href":"https:\/\/www.funtur.ro\/blog\/wp-json\/wp\/v2\/posts\/9204\/revisions"}],"predecessor-version":[{"id":9260,"href":"https:\/\/www.funtur.ro\/blog\/wp-json\/wp\/v2\/posts\/9204\/revisions\/9260"}],"wp:attachment":[{"href":"https:\/\/www.funtur.ro\/blog\/wp-json\/wp\/v2\/media?parent=9204"}],"wp:term":[{"taxonomy":"category","embeddable":true,"href":"https:\/\/www.funtur.ro\/blog\/wp-json\/wp\/v2\/categories?post=9204"},{"taxonomy":"post_tag","embeddable":true,"href":"https:\/\/www.funtur.ro\/blog\/wp-json\/wp\/v2\/tags?post=9204"}],"curies":[{"name":"wp","href":"https:\/\/api.w.org\/{rel}","templated":true}]}}