{"id":8310,"date":"2013-03-19T15:39:59","date_gmt":"2013-03-19T13:39:59","guid":{"rendered":"http:\/\/www.funtur.ro\/blog\/?p=8310"},"modified":"2013-03-19T15:45:22","modified_gmt":"2013-03-19T13:45:22","slug":"verdele-irlandez-in-parada-de-st-patrick-la-bucuresti","status":"publish","type":"post","link":"https:\/\/www.funtur.ro\/blog\/2013\/03\/19\/verdele-irlandez-in-parada-de-st-patrick-la-bucuresti\/","title":{"rendered":"Verdele irlandez \u00een parada de St.Patrick la Bucure\u015fti"},"content":{"rendered":"<p>&nbsp;<\/p>\n<p>Ia sa-mi spune\u0163i voi mie, repede, care dintre voi a petrecut de ziua <strong>Irlandei<\/strong>? Adic\u0103 de <strong>St.Patrick<\/strong>. Care a fost prin centrul vechi duminic\u0103 sear\u0103 c\u0103 eu am avut curs \u015fi tot ce-am reu\u015fit a fost sa ajung la parad\u0103. Cea mai mare parad\u0103 de St.Patrick din Europa continental\u0103, cel pu\u0163in a\u015fa a fost anun\u0163at\u0103.<\/p>\n<p><a href=\"https:\/\/www.funtur.ro\/blog\/wp-content\/uploads\/DSC_0060.NEF_.jpg\"><img loading=\"lazy\" decoding=\"async\" class=\"alignleft size-large wp-image-8323\" alt=\"DSC_0060.NEF\" src=\"https:\/\/www.funtur.ro\/blog\/wp-content\/uploads\/DSC_0060.NEF_-1024x679.jpg\" width=\"400\" height=\"263\" \/><\/a><\/p>\n<p>Care parad\u0103 pe mine personal m-a cam dezam\u0103git. Eu presupun, \u015fi sper, c\u0103 atunci c\u00e2nd au ajuns \u00een centrul vechi a fost mai antrenant.<\/p>\n<p>La ora 15:30 era deja destul de mult\u0103 lume \u00een zona pie\u0163ei G. Enescu \u015fi pe traseu pe Calea Victoriei. Ziua era frumoas\u0103, chiar dac\u0103 un pic rece, \u015fi lumea a\u015ftepta cu aparatele preg\u0103tite s\u0103 vad\u0103 marea parad\u0103.<\/p>\n<p>Unii aveau costuma\u0163ii specifice \u015fi au fost \u015fi vedete admirate de to\u0163i.<\/p>\n<p><a href=\"https:\/\/www.funtur.ro\/blog\/wp-content\/uploads\/DSC_0049.jpg\"><img loading=\"lazy\" decoding=\"async\" class=\"alignleft size-large wp-image-8337\" alt=\"DSC_0049\" src=\"https:\/\/www.funtur.ro\/blog\/wp-content\/uploads\/DSC_0049-1024x679.jpg\" width=\"400\" height=\"264\" srcset=\"https:\/\/www.funtur.ro\/blog\/wp-content\/uploads\/DSC_0049-1024x679.jpg 1024w, https:\/\/www.funtur.ro\/blog\/wp-content\/uploads\/DSC_0049-300x199.jpg 300w\" sizes=\"auto, (max-width: 400px) 100vw, 400px\" \/><\/a><\/p>\n<p><a href=\"https:\/\/www.funtur.ro\/blog\/wp-content\/uploads\/DSC_0024.jpg\"><img loading=\"lazy\" decoding=\"async\" class=\"alignleft size-large wp-image-8324\" alt=\"DSC_0024\" src=\"https:\/\/www.funtur.ro\/blog\/wp-content\/uploads\/DSC_0024-1024x679.jpg\" width=\"400\" height=\"265\" srcset=\"https:\/\/www.funtur.ro\/blog\/wp-content\/uploads\/DSC_0024-1024x679.jpg 1024w, https:\/\/www.funtur.ro\/blog\/wp-content\/uploads\/DSC_0024-300x199.jpg 300w, https:\/\/www.funtur.ro\/blog\/wp-content\/uploads\/DSC_0024.jpg 2000w\" sizes=\"auto, (max-width: 400px) 100vw, 400px\" \/><\/a><\/p>\n<p>Parada a pornit pe la 4 p.m. \u015fi a constat din 10 &#8220;care alegorice&#8221; care erau de fapt ni\u015fte autoutilitare pe a c\u0103ror platfome erau ceva decora\u0163iuni \u00een care predomina desigur verdele dar care mie mi s-au p\u0103rut destul de simple.<\/p>\n<p><a href=\"https:\/\/www.funtur.ro\/blog\/wp-content\/uploads\/DSC_0057.jpg\"><img loading=\"lazy\" decoding=\"async\" class=\"alignleft size-large wp-image-8325\" alt=\"DSC_0057\" src=\"https:\/\/www.funtur.ro\/blog\/wp-content\/uploads\/DSC_0057-1024x679.jpg\" width=\"399\" height=\"265\" srcset=\"https:\/\/www.funtur.ro\/blog\/wp-content\/uploads\/DSC_0057-1024x679.jpg 1024w, https:\/\/www.funtur.ro\/blog\/wp-content\/uploads\/DSC_0057-300x199.jpg 300w, https:\/\/www.funtur.ro\/blog\/wp-content\/uploads\/DSC_0057.jpg 2000w\" sizes=\"auto, (max-width: 399px) 100vw, 399px\" \/><\/a><\/p>\n<p>\u00cen fa\u0163\u0103, pe l\u00e2ng\u0103 care, au fost ni\u015fte cimpoieri de prin Vracea \u015fi Vaslui, pe urm\u0103 a mai fost trupa Ad Hoc de muzic\u0103 medieval\u0103 care au c\u00e2ntat \u015fi pe drum \u015fi mai t\u00e2rziu, c\u00e2nd toat\u0103 adunarea a f\u0103cut o oprire \u00een fa\u0163a Academiei Militare. Pe primul car s-a suit trupa Coras din Irlanda \u015fi dansatorii din trupa Irish Way care au dat acolo un mic spectacol. F. frumos de altfel.<\/p>\n<p><a href=\"https:\/\/www.funtur.ro\/blog\/wp-content\/uploads\/DSC_0051.jpg\"><img loading=\"lazy\" decoding=\"async\" class=\"alignleft size-large wp-image-8327\" alt=\"DSC_0051\" src=\"https:\/\/www.funtur.ro\/blog\/wp-content\/uploads\/DSC_0051-1024x680.jpg\" width=\"399\" height=\"266\" srcset=\"https:\/\/www.funtur.ro\/blog\/wp-content\/uploads\/DSC_0051-1024x680.jpg 1024w, https:\/\/www.funtur.ro\/blog\/wp-content\/uploads\/DSC_0051-300x199.jpg 300w\" sizes=\"auto, (max-width: 399px) 100vw, 399px\" \/><\/a><\/p>\n<p><a href=\"https:\/\/www.funtur.ro\/blog\/wp-content\/uploads\/DSC_0063.NEF_.jpg\"><img loading=\"lazy\" decoding=\"async\" class=\"alignleft size-large wp-image-8329\" alt=\"DSC_0063.NEF\" src=\"https:\/\/www.funtur.ro\/blog\/wp-content\/uploads\/DSC_0063.NEF_-1024x679.jpg\" width=\"399\" height=\"265\" srcset=\"https:\/\/www.funtur.ro\/blog\/wp-content\/uploads\/DSC_0063.NEF_-1024x679.jpg 1024w, https:\/\/www.funtur.ro\/blog\/wp-content\/uploads\/DSC_0063.NEF_-300x199.jpg 300w, https:\/\/www.funtur.ro\/blog\/wp-content\/uploads\/DSC_0063.NEF_.jpg 2000w\" sizes=\"auto, (max-width: 399px) 100vw, 399px\" \/><\/a><\/p>\n<p><a href=\"https:\/\/www.funtur.ro\/blog\/wp-content\/uploads\/DSC_0061.NEF_.jpg\"><img loading=\"lazy\" decoding=\"async\" class=\"alignleft size-large wp-image-8330\" alt=\"DSC_0061.NEF\" src=\"https:\/\/www.funtur.ro\/blog\/wp-content\/uploads\/DSC_0061.NEF_-1024x679.jpg\" width=\"399\" height=\"263\" \/><\/a><\/p>\n<p><a href=\"https:\/\/www.funtur.ro\/blog\/wp-content\/uploads\/DSC_0071.jpg\"><img loading=\"lazy\" decoding=\"async\" class=\"alignleft size-large wp-image-8331\" alt=\"DSC_0071\" src=\"https:\/\/www.funtur.ro\/blog\/wp-content\/uploads\/DSC_0071-1024x679.jpg\" width=\"398\" height=\"264\" srcset=\"https:\/\/www.funtur.ro\/blog\/wp-content\/uploads\/DSC_0071-1024x679.jpg 1024w, https:\/\/www.funtur.ro\/blog\/wp-content\/uploads\/DSC_0071-300x199.jpg 300w, https:\/\/www.funtur.ro\/blog\/wp-content\/uploads\/DSC_0071.jpg 2000w\" sizes=\"auto, (max-width: 398px) 100vw, 398px\" \/><\/a><\/p>\n<p><a href=\"https:\/\/www.funtur.ro\/blog\/wp-content\/uploads\/DSC_0072.NEF_.jpg\"><img loading=\"lazy\" decoding=\"async\" class=\"alignleft size-large wp-image-8332\" alt=\"DSC_0072.NEF\" src=\"https:\/\/www.funtur.ro\/blog\/wp-content\/uploads\/DSC_0072.NEF_-1024x609.jpg\" width=\"399\" height=\"237\" srcset=\"https:\/\/www.funtur.ro\/blog\/wp-content\/uploads\/DSC_0072.NEF_-1024x609.jpg 1024w, https:\/\/www.funtur.ro\/blog\/wp-content\/uploads\/DSC_0072.NEF_-300x178.jpg 300w, https:\/\/www.funtur.ro\/blog\/wp-content\/uploads\/DSC_0072.NEF_.jpg 2000w\" sizes=\"auto, (max-width: 399px) 100vw, 399px\" \/><\/a><\/p>\n<p>De ce \u00een Rom\u00e2nia?<\/p>\n<p>&#8220;In mod surprinzator, St Patrick&#8217;s Day a fost s\u0103rbatorit\u0103 prima data de c\u0103tre imigran\u0163ii irlandezi din America ce duceau dorul \u0163inuturilor natale. Dup\u0103 mai bine de 250 de ani de la prima edi\u0163ie, St Patrick&#8217;s Day a devenit cea mai mare s\u0103rbatoare a diasporei din \u00eentreaga lume, iar acum peste 80 de milioane de oameni celebreaz\u0103 \u00een fiecare an Ziua Na\u0163ional\u0103 a Irlandei. Deoarece St. Patrick&#8217;s Day este sarbatoarea care une\u015fte practic to\u0163i imigran\u0163ii din lume, a celebra aceast\u0103 zi \u00een Rom\u00e2nia este o modalitate de a-i conecta pe cei de aici cu prietenii \u015fi rudele care acum tr\u0103iesc \u00een afara grani\u0163elor&#8221;, a spus David Costello, \u015feful adjunct al Misiunii irlandeze \u00een Rom\u00e2nia, \u00eentr-un comunicat dat la MEDIAFAX.<\/p>\n<p>Cum eu sunt un om pozitiv \u015fi mi-a pl\u0103cut oricum chiar dac\u0103 nu a fost a\u015fa o parad\u0103 ca la Rio, b\u0103nuiesc c\u0103 distrac\u0163ia mare a urmat dup\u0103. Voi a\u0163i fost?<\/p>\n<p>&nbsp;<\/p>\n","protected":false},"excerpt":{"rendered":"<p>&nbsp; Ia sa-mi spune&#355;i voi mie, repede, care dintre voi a petrecut de ziua Irlandei? Adic&#259; de St.Patrick. Care a fost prin centrul vechi duminic&#259; sear&#259; c&#259; eu am avut curs &#351;i tot ce-am reu&#351;it a fost sa ajung la parad&#259;. Cea mai mare parad&#259; de St.Patrick din Europa continental&#259;, cel pu&#355;in a&#351;a a fost [&hellip;]<\/p>\n","protected":false},"author":6,"featured_media":0,"comment_status":"open","ping_status":"open","sticky":false,"template":"","format":"standard","meta":{"footnotes":""},"categories":[10,4,49],"tags":[1885,1884,1886,1887],"class_list":["post-8310","post","type-post","status-publish","format-standard","hentry","category-atractii-turistice","category-de-prin-romania","category-evenimente","tag-care-alegorice-si-cimpoieri-de-st-patrick","tag-parada-de-st-patrick-de-la-bucuresti","tag-trupa-ad-hoc-la-parada-irlandei-de-la-bucuresti","tag-verdele-irlandez-la-bucuresti"],"_links":{"self":[{"href":"https:\/\/www.funtur.ro\/blog\/wp-json\/wp\/v2\/posts\/8310","targetHints":{"allow":["GET"]}}],"collection":[{"href":"https:\/\/www.funtur.ro\/blog\/wp-json\/wp\/v2\/posts"}],"about":[{"href":"https:\/\/www.funtur.ro\/blog\/wp-json\/wp\/v2\/types\/post"}],"author":[{"embeddable":true,"href":"https:\/\/www.funtur.ro\/blog\/wp-json\/wp\/v2\/users\/6"}],"replies":[{"embeddable":true,"href":"https:\/\/www.funtur.ro\/blog\/wp-json\/wp\/v2\/comments?post=8310"}],"version-history":[{"count":20,"href":"https:\/\/www.funtur.ro\/blog\/wp-json\/wp\/v2\/posts\/8310\/revisions"}],"predecessor-version":[{"id":8338,"href":"https:\/\/www.funtur.ro\/blog\/wp-json\/wp\/v2\/posts\/8310\/revisions\/8338"}],"wp:attachment":[{"href":"https:\/\/www.funtur.ro\/blog\/wp-json\/wp\/v2\/media?parent=8310"}],"wp:term":[{"taxonomy":"category","embeddable":true,"href":"https:\/\/www.funtur.ro\/blog\/wp-json\/wp\/v2\/categories?post=8310"},{"taxonomy":"post_tag","embeddable":true,"href":"https:\/\/www.funtur.ro\/blog\/wp-json\/wp\/v2\/tags?post=8310"}],"curies":[{"name":"wp","href":"https:\/\/api.w.org\/{rel}","templated":true}]}}