{"id":7769,"date":"2013-02-01T10:00:06","date_gmt":"2013-02-01T08:00:06","guid":{"rendered":"http:\/\/www.funtur.ro\/blog\/?p=7769"},"modified":"2013-01-30T11:43:18","modified_gmt":"2013-01-30T09:43:18","slug":"valea-si-canionul-colca-de-cecum-da-ii","status":"publish","type":"post","link":"https:\/\/www.funtur.ro\/blog\/2013\/02\/01\/valea-si-canionul-colca-de-cecum-da-ii\/","title":{"rendered":"Valea \u015fi Canionul Colca &#8211; de ce\/cum da (II)"},"content":{"rendered":"<p>&nbsp;<\/p>\n<p>Unde am r\u0103mas? A, da, la <a href=\"https:\/\/www.funtur.ro\/blog\/2013\/01\/26\/valea-si-canionul-colca-din-peru-de-ce-da-cum-da-i\/\">Chivay<\/a>, mai precis la hotelul\u00a0<a href=\"http:\/\/www.pozodelcielo.com.pe\/en\/galeria\"><em>Pozo del Cielo <\/em><\/a>(pu\u0163ul cerului). Ce mi-a pl\u0103cut \u00een <strong>Mexic<\/strong> \u015fi <strong>Peru<\/strong> e c\u0103 au o mul\u0163ime de hoteluri de tip B&amp;B, hoteluri mici care-\u015fi zic uneori hostel pentru c\u0103 au \u015fi camere cu mai multe paturi dar care sunt de fapt mult mai aproape de &#8220;boutique&#8221; &#8211; au camere decorate diferit, cur\u0163i interioare cu flori \u015fi mese pt. micul dejun, sunt f. pitore\u015fti \u015fi cu tente foarte personale.<\/p>\n<div style=\"width: 410px\" class=\"wp-caption alignnone\"><img loading=\"lazy\" decoding=\"async\" alt=\"\" src=\"https:\/\/lh5.googleusercontent.com\/-kfuL1ubiNEM\/UQjZIfc3aQI\/AAAAAAAAFHw\/5oz6Jz4HtX8\/s400\/DSCN8383.JPG\" width=\"400\" height=\"300\" \/><p class=\"wp-caption-text\"><em>Intrare camer\u0103 la Pozo del Cielo<\/em><\/p><\/div>\n<p><em>Pozo del Cielo<\/em> cred c\u0103 unul dintre pu\u0163inele cazuri \u00een care realitatea arat\u0103 mult mai bine dec\u00eet website-ul lor. \u00cen plus, pachetul agen\u0163iei a fost\u00a0f. ieftin: transport (Arequipa dus-\u00eentors, Colca Canion), cazare\u00a0o noapte cu mic dejun \u015fi\u00a0ghid pentru 72 de dolari &#8211; sincer, imbatabil! Nu este chiar \u00een centrul or\u0103\u015felului dar e mult mai bine plasat ca peisaj \u015fi oricum p\u00e2n\u0103 \u00een centru faci cinci minute pe jos.<\/p>\n<p><img loading=\"lazy\" decoding=\"async\" alt=\"\" src=\"https:\/\/lh3.googleusercontent.com\/-w03ODJVvcbw\/UQjdlsOIHfI\/AAAAAAAAFJA\/GqXw144wrnM\/s400\/DSCN8352.JPG\" width=\"400\" height=\"300\" \/><\/p>\n<p><em>Intrarea la Pozo del Cielo<\/em><\/p>\n<div style=\"width: 410px\" class=\"wp-caption alignnone\"><img loading=\"lazy\" decoding=\"async\" alt=\"\" src=\"https:\/\/lh5.googleusercontent.com\/-biagadzqLho\/UQjdwCmwHiI\/AAAAAAAAFJI\/5K7orhpuiVg\/s400\/DSCN8353.JPG\" width=\"400\" height=\"300\" \/><p class=\"wp-caption-text\"><em>Curtea de la Pozo del Cielo<\/em><\/p><\/div>\n<p>Hotelul e mult mai colorat dec\u00e2t \u00een fotografiile lor (\u015fi dec\u00e2t \u00een ale mele &#8211; a\u015fa cum am mai spus ceva mai demult,\u00a0compactul meu a fost setat din gre\u015feal\u0103 la o rezolu\u0163ie mic\u0103 iar eu n-am realizat asta dec\u00e2t la \u00eentoacerea \u00een Bucure\u015fti &#8211; mi-am dat suficiente \u015futuri \u00een fund pe chestia asta)\u00a0deoarece camerele sunt decorate cu statuete \u015fi tot felul de obiecte plasate prin firide \u00een zidurile albe, paturile sunt acoperite cu cuverturi tradi\u0163ionale, viu colorate \u015fi realmente f. frumoase. Baia e simpl\u0103 dar curat\u0103, curtea e \u00een trepte \u015fi decorat\u0103 cu flori, restaurantul e pl\u0103cut \u015fi se m\u0103n\u00e2nc\u0103 bine.<\/p>\n<div style=\"width: 410px\" class=\"wp-caption alignnone\"><img loading=\"lazy\" decoding=\"async\" alt=\"\" src=\"https:\/\/lh4.googleusercontent.com\/-zdcAxNDG-so\/UQjdBsL59bI\/AAAAAAAAFI4\/UBJ4rP2nWis\/s400\/DSCN8357.JPG\" width=\"400\" height=\"297\" \/><p class=\"wp-caption-text\"><em>Canapea \u00een camer\u0103<\/em><\/p><\/div>\n<p><img loading=\"lazy\" decoding=\"async\" alt=\"\" src=\"https:\/\/lh4.googleusercontent.com\/-B5hm73i98Ns\/UQja2djCGrI\/AAAAAAAAFII\/x2zH53i4-cQ\/s400\/DSCN8354.JPG\" width=\"400\" height=\"269\" \/><\/p>\n<div style=\"width: 310px\" class=\"wp-caption alignnone\"><img loading=\"lazy\" decoding=\"async\" alt=\"\" src=\"https:\/\/lh4.googleusercontent.com\/-f2Syhve3w8I\/UQjbFR2m6DI\/AAAAAAAAFIQ\/29xRKeRGkng\/s400\/DSCN8356.JPG\" width=\"300\" height=\"400\" \/><p class=\"wp-caption-text\"><em>U\u015fa spre gr\u0103din\u0103<\/em><\/p><\/div>\n<p><img loading=\"lazy\" decoding=\"async\" alt=\"\" src=\"https:\/\/lh6.googleusercontent.com\/-7Q3S_l9sohs\/UQjcRwP-nOI\/AAAAAAAAFIo\/Qg6DEbfyJfc\/s400\/DSCN8363.JPG\" width=\"400\" height=\"297\" \/><\/p>\n<div style=\"width: 310px\" class=\"wp-caption alignnone\"><img loading=\"lazy\" decoding=\"async\" alt=\"\" src=\"https:\/\/lh3.googleusercontent.com\/-HzKLadfJwN0\/UQjb1XZh_tI\/AAAAAAAAFIg\/ovBJD8u23hI\/s400\/DSCN8359.JPG\" width=\"300\" height=\"400\" \/><p class=\"wp-caption-text\"><em>Baia la Pozo del Cielo<\/em><\/p><\/div>\n<p>\u00a0<img loading=\"lazy\" decoding=\"async\" class=\"alignnone\" alt=\"\" src=\"https:\/\/lh5.googleusercontent.com\/-EQAWhN9rayA\/UQjYydpr_bI\/AAAAAAAAFHo\/G0al62e9CR0\/s400\/DSCN8385.JPG\" width=\"400\" height=\"300\" \/><\/p>\n<p>&nbsp;<\/p>\n<p>O vizit\u0103 \u00een centrul Chivay nu-\u0163i ia mai mult de c\u00e2teva ore dar merit\u0103 s\u0103 spun c\u00e2te ceva despre el \u015fi despre statuile sale. Dar asta data viitoare.<\/p>\n","protected":false},"excerpt":{"rendered":"<p>&nbsp; Unde am r&#259;mas? A, da, la Chivay, mai precis la hotelul&nbsp;Pozo del Cielo (pu&#355;ul cerului). Ce mi-a pl&#259;cut &icirc;n Mexic &#351;i Peru e c&#259; au o mul&#355;ime de hoteluri de tip B&amp;B, hoteluri mici care-&#351;i zic uneori hostel pentru c&#259; au &#351;i camere cu mai multe paturi dar care sunt de fapt mult mai [&hellip;]<\/p>\n","protected":false},"author":6,"featured_media":0,"comment_status":"open","ping_status":"open","sticky":false,"template":"","format":"standard","meta":{"footnotes":""},"categories":[11,10,9,8,6],"tags":[1800,1801,1805,1803,1806,1804,1802],"class_list":["post-7769","post","type-post","status-publish","format-standard","hentry","category-am-mincat-la","category-atractii-turistice","category-insemnari-din-calatorii","category-cazari","category-prin-lume","tag-cazare-in-peru","tag-cazare-pe-valea-colca-din-peru","tag-colca","tag-peru","tag-pozo-del-cielo-in-chivay-peru","tag-unde-sa-stai-in-chivay","tag-valea-colca-din-zona-arequipa"],"_links":{"self":[{"href":"https:\/\/www.funtur.ro\/blog\/wp-json\/wp\/v2\/posts\/7769","targetHints":{"allow":["GET"]}}],"collection":[{"href":"https:\/\/www.funtur.ro\/blog\/wp-json\/wp\/v2\/posts"}],"about":[{"href":"https:\/\/www.funtur.ro\/blog\/wp-json\/wp\/v2\/types\/post"}],"author":[{"embeddable":true,"href":"https:\/\/www.funtur.ro\/blog\/wp-json\/wp\/v2\/users\/6"}],"replies":[{"embeddable":true,"href":"https:\/\/www.funtur.ro\/blog\/wp-json\/wp\/v2\/comments?post=7769"}],"version-history":[{"count":25,"href":"https:\/\/www.funtur.ro\/blog\/wp-json\/wp\/v2\/posts\/7769\/revisions"}],"predecessor-version":[{"id":7883,"href":"https:\/\/www.funtur.ro\/blog\/wp-json\/wp\/v2\/posts\/7769\/revisions\/7883"}],"wp:attachment":[{"href":"https:\/\/www.funtur.ro\/blog\/wp-json\/wp\/v2\/media?parent=7769"}],"wp:term":[{"taxonomy":"category","embeddable":true,"href":"https:\/\/www.funtur.ro\/blog\/wp-json\/wp\/v2\/categories?post=7769"},{"taxonomy":"post_tag","embeddable":true,"href":"https:\/\/www.funtur.ro\/blog\/wp-json\/wp\/v2\/tags?post=7769"}],"curies":[{"name":"wp","href":"https:\/\/api.w.org\/{rel}","templated":true}]}}