{"id":6294,"date":"2012-06-13T10:53:29","date_gmt":"2012-06-13T08:53:29","guid":{"rendered":"http:\/\/www.funtur.ro\/blog\/?p=6294"},"modified":"2012-06-13T10:53:29","modified_gmt":"2012-06-13T08:53:29","slug":"aventuri-cu-masina-spre-austria-ii","status":"publish","type":"post","link":"https:\/\/www.funtur.ro\/blog\/2012\/06\/13\/aventuri-cu-masina-spre-austria-ii\/","title":{"rendered":"Aventuri cu ma\u015fina spre Austria (II)"},"content":{"rendered":"<p>Zilele astea \u00eemi d\u0103 t\u00e2rcoale, c\u00e2nd mai aproape, c\u00e2nd mai departe, o viroz\u0103\u00a0 nesuferit\u0103 care stoarce \u015fi ultima pic\u0103tur\u0103 de energie din mine dar eu, nu \u015fi nu, c\u0103 m\u00e2ine plec la munte&#8230;.. \u015ei-o s\u0103 fie ori la bal, ori la spital. M\u0103 duc la un curs foto \u00een zona Padina \u015fi m\u0103 \u00eentorc duminic\u0103 seara. P\u00e2n\u0103 luni , c\u00e2nd sper s\u0103 fiu sc\u0103pat\u0103 de orice viru\u015fi \u015fi \u00eembog\u0103\u0163it\u0103 cu o experin\u0163\u0103 pe care o a\u015ftept de ceva vreme, o s\u0103 v\u0103 las cu continuarea p\u0103\u0163aniilor cu ma\u015fina \u00een drum spre Austria.<\/p>\n<p>A\u015fa, unde r\u0103m\u0103sesem? A, cu <a href=\"https:\/\/www.funtur.ro\/blog\/2012\/06\/08\/aventuri-in-calatorii-cu-masina-spre-austria-i\/\">ma\u015fina <\/a>\u00een pan\u0103 \u00eentre Pite\u015fti \u015fi R\u00e2mnicu V\u00e2lcea. \u015ei nu \u00een orice fel de pan\u0103, ci una dubl\u0103 \u015fi iremedibil\u0103.<\/p>\n<p>Pe la 7 seara apare \u015fi nea cu platforma,\u00a0ca\u0163\u0103r\u0103 ma\u015fina, ne ia \u015fi pe noi \u00een cabin\u0103 \u015fi pentru c\u0103 \u00een R\u00e2mnicu V\u00e2lcea reprezentan\u0163a Skoda era \u00eenchis\u0103 ne decidem s\u0103-l l\u0103s\u0103m s\u0103 ne care p\u00e2n\u0103 la Sibiu unde avea Tudor ni\u015fte rude la care puteam dormi \u015fi era \u015fi reprezentan\u0163\u0103 unde puteam l\u0103sa ma\u015fina peste noapte.<\/p>\n<p>\u015ei-a\u015fa f\u0103cur\u0103m\u00a0cam 120 de km zdronca-zdronca, \u00eencet \u015fi f. \u00eencet p\u00e2n\u0103 la Sibiu unde am g\u0103sit \u00eentr-adev\u0103r un paznic la reprezentan\u0163\u0103, am l\u0103sat ma\u015fina \u015fi-am revenit diminea\u0163\u0103 la 8 \u015fi jum\u0103tate s\u0103 rezolv\u0103m problema.<\/p>\n<p>Da&#8217; crede\u0163i c-a fost simplu? Ap\u0103i nu c\u0103, \u00een primul r\u00e2nd acolo lucrurile se f\u0103ceau mai a\u015fezat, a\u015fa ca-n Ardeal. Se uit\u0103 un mo\u015fulic\u0103 pe toate p\u0103r\u0163ile ma\u015finii, o studiaz\u0103 pre\u0163 de vreo 20 de minute \u00een care eu f\u0103ceam deja pitici pe creier \u015fi ne zice apoi calm c\u0103 trebuie schimbate nu numai cauciucurile dar \u015fi cele 2 jante c\u0103-s lovite \u015fi ei n-au cum s\u0103 le \u00eendrepte.<\/p>\n<p>Zic c\u0103 bine, orice, numai s\u0103 facem ma\u015fina s\u0103 mearg\u0103 \u015fi s\u0103 plec\u0103m c\u00e2t mai repede. Mai st\u0103 un pic, se mai \u00eenv\u00e2rte un pic \u015fi zice c\u0103 nici cauciucurile celelalte nu sunt bune, c\u0103 sunt diferite \u015fi all-seasons \u015fi austriecii nu primesc dec\u00e2t cu cauciucuri de iarn\u0103 c\u0103 e abia martie.<\/p>\n<p>M\u0103 enervez \u015fi decid s\u0103 schimb tot. OK. Perfect. Doar o mic\u0103 problem\u0103 &#8211; n-au cauciucuri de iarn\u0103 cum \u00eemi trebuie mie &#8211; trebuie s\u0103 caute \u00een ora\u015f. \u015ei caut\u0103, \u015fi caut\u0103 pre\u0163 de vreun ceas jumate \u00een care eu simt c\u0103 m\u0103 indrept cu pa\u015fi siguri, nu spre Austria, ci spre balamuc.<\/p>\n<p>\u00cen fine, un b\u0103iat descurc\u0103re\u0163 g\u0103se\u015fte nu \u015ftiu pe unde 2 cauciucuri de iarn\u0103 \u015fi se duce dup\u0103 ele &#8211; se \u00eentoarce dup\u0103 o alt\u0103 jum\u0103tate de or\u0103 \u015fi mai dureaz\u0103 manopera (mult mai pu\u0163in de altfel dec\u00e2t toat\u0103 tevatura anterioar\u0103).<\/p>\n<p>Mo\u015ful nu se las\u0103 \u015fi m\u0103 mai sperie de-o chestie &#8211; am o pleznitur\u0103 la bara din fa\u0163\u0103<\/p>\n<p>&#8211; Ave\u0163i dovad\u0103?<\/p>\n<p>&#8211;\u00a0Dovad\u0103 de ce?<\/p>\n<p>&#8211; De accident.<\/p>\n<p>&#8211; P\u0103i n-a fost nici un accident &#8211; am atins o \u0163eav\u0103 pe care n-am v\u0103zut-o.<\/p>\n<p>&#8211; A, p\u0103i nu e bine, c\u0103 v\u0103 opre\u015fte la grani\u0163\u0103 \u015fi v\u0103 cere dovada.<\/p>\n<p>M\u0103 panichez. \u015ei m\u0103 duc glon\u0163 la poli\u0163ie s\u0103 declar c\u0103 am g\u0103sit ma\u015fina lovit\u0103 \u00een parcare la Sibiu. Mai pierdem pe acolo aproape o or\u0103 \u015fi \u00een sf\u00e2r\u015fit pe la ora 2 dup\u0103 amiaz\u0103 plec\u0103m spre Viena.<\/p>\n<p>E inutil s\u0103 v\u0103 spun c\u0103 nu m-a \u00eentrebat nimeni nimic la grani\u0163\u0103 nici de cauciucuri, nici de dovad\u0103. Iar distrac\u0163ia asta m-a costat aproape 300 de euro care ar fi fost mult mai utili pe post de cadouri.<\/p>\n<p>Despre cum a fost acolo \u015fi ce aventuri am mai avut cu ma\u015fina, v\u0103 povestesc alt\u0103 data \u015fi v\u0103 mai dau ni\u015fte poze de pe-acolo s\u0103 v\u0103 mai r\u0103cori\u0163i.<\/p>\n<p><img loading=\"lazy\" decoding=\"async\" class=\"alignnone\" title=\"Iarna in Austria\" src=\"https:\/\/lh5.googleusercontent.com\/-osQqG4oAzSc\/T9H0FGrX7AI\/AAAAAAAACMw\/jiJTGEMmexI\/s400\/Bad%2520gastein.jpg\" alt=\"\" width=\"400\" height=\"300\" \/><\/p>\n<p><img loading=\"lazy\" decoding=\"async\" class=\"alignnone\" title=\"In Austria\" src=\"https:\/\/lh4.googleusercontent.com\/-CJDNF5KjRvs\/T9H0fQi9IsI\/AAAAAAAACM4\/58i2BFx-glY\/s400\/Pe%2520partie%2520BG.jpg\" alt=\"\" width=\"400\" height=\"300\" \/><\/p>\n<p><img loading=\"lazy\" decoding=\"async\" class=\"alignnone\" title=\"Zapada la Bad Gastein\" src=\"https:\/\/lh3.googleusercontent.com\/-xKqRbVRo2VU\/T9hT1fFRguI\/AAAAAAAACOE\/ILKGEJBvd0M\/s400\/Zapada%2520in%2520Bad%2520Gastein.jpg\" alt=\"\" width=\"400\" height=\"300\" \/><\/p>\n<p><img loading=\"lazy\" decoding=\"async\" class=\"alignnone\" title=\"Telescaun in Austria\" src=\"https:\/\/lh3.googleusercontent.com\/-JGx77D64lvk\/T9hTkx67ECI\/AAAAAAAACN8\/WKy_dCQa2k0\/s400\/20032006%2528093%2529.jpg\" alt=\"\" width=\"400\" height=\"300\" \/><\/p>\n<p><img loading=\"lazy\" decoding=\"async\" class=\"alignnone\" title=\"dupa-amiaza la ski in Bad Gastein\" src=\"https:\/\/lh5.googleusercontent.com\/-lIpWODNLwIg\/T9hTdtAyLYI\/AAAAAAAACN0\/qAgTsTMziQg\/s400\/Bad%2520gastein.jpg\" alt=\"\" width=\"400\" height=\"300\" \/><\/p>\n<p><img loading=\"lazy\" decoding=\"async\" title=\"instalatie de ski in Austria\" src=\"https:\/\/lh5.googleusercontent.com\/-6dd3bMURiTY\/T9hTMd8j0hI\/AAAAAAAACNs\/taOHadgg6Ug\/s400\/Instalatie%2520de%2520ski%2520Austria.jpg\" alt=\"\" width=\"400\" height=\"300\" \/><\/p>\n<p><img loading=\"lazy\" decoding=\"async\" class=\"alignnone\" title=\"Cu trenuletul la ski\" src=\"https:\/\/lh6.googleusercontent.com\/-XRqWNHHE_Pg\/T9hS9Quc3HI\/AAAAAAAACNk\/frwHsIatRBI\/s400\/20032006%2528043%2529.jpg\" alt=\"\" width=\"400\" height=\"300\" \/><\/p>\n<p>&nbsp;<\/p>\n<p>&nbsp;<\/p>\n","protected":false},"excerpt":{"rendered":"<p>Zilele astea &icirc;mi d&#259; t&acirc;rcoale, c&acirc;nd mai aproape, c&acirc;nd mai departe, o viroz&#259;&nbsp; nesuferit&#259; care stoarce &#351;i ultima pic&#259;tur&#259; de energie din mine dar eu, nu &#351;i nu, c&#259; m&acirc;ine plec la munte&hellip;.. &#350;i-o s&#259; fie ori la bal, ori la spital. M&#259; duc la un curs foto &icirc;n zona Padina &#351;i m&#259; &icirc;ntorc duminic&#259; [&hellip;]<\/p>\n","protected":false},"author":6,"featured_media":0,"comment_status":"open","ping_status":"open","sticky":false,"template":"","format":"standard","meta":{"footnotes":""},"categories":[1,10,4,3,9,15],"tags":[1473,1471,1475,1474,1472],"class_list":["post-6294","post","type-post","status-publish","format-standard","hentry","category-altele","category-atractii-turistice","category-de-prin-romania","category-fun-turism","category-insemnari-din-calatorii","category-transport","tag-aventuri-cu-masina-pe-drumurile-romaniei","tag-cu-masina-pana-in-austria","tag-cu-skoda-pana-in-austria","tag-cum-rezolvi-o-pana-de-cauciuc","tag-la-ski-in-austria"],"_links":{"self":[{"href":"https:\/\/www.funtur.ro\/blog\/wp-json\/wp\/v2\/posts\/6294","targetHints":{"allow":["GET"]}}],"collection":[{"href":"https:\/\/www.funtur.ro\/blog\/wp-json\/wp\/v2\/posts"}],"about":[{"href":"https:\/\/www.funtur.ro\/blog\/wp-json\/wp\/v2\/types\/post"}],"author":[{"embeddable":true,"href":"https:\/\/www.funtur.ro\/blog\/wp-json\/wp\/v2\/users\/6"}],"replies":[{"embeddable":true,"href":"https:\/\/www.funtur.ro\/blog\/wp-json\/wp\/v2\/comments?post=6294"}],"version-history":[{"count":10,"href":"https:\/\/www.funtur.ro\/blog\/wp-json\/wp\/v2\/posts\/6294\/revisions"}],"predecessor-version":[{"id":6309,"href":"https:\/\/www.funtur.ro\/blog\/wp-json\/wp\/v2\/posts\/6294\/revisions\/6309"}],"wp:attachment":[{"href":"https:\/\/www.funtur.ro\/blog\/wp-json\/wp\/v2\/media?parent=6294"}],"wp:term":[{"taxonomy":"category","embeddable":true,"href":"https:\/\/www.funtur.ro\/blog\/wp-json\/wp\/v2\/categories?post=6294"},{"taxonomy":"post_tag","embeddable":true,"href":"https:\/\/www.funtur.ro\/blog\/wp-json\/wp\/v2\/tags?post=6294"}],"curies":[{"name":"wp","href":"https:\/\/api.w.org\/{rel}","templated":true}]}}