{"id":3126,"date":"2011-05-23T11:23:04","date_gmt":"2011-05-23T09:23:04","guid":{"rendered":"http:\/\/www.funtur.ro\/blog\/?p=3126"},"modified":"2011-05-23T11:23:04","modified_gmt":"2011-05-23T09:23:04","slug":"concert-einuiea-la-ateneul-roman","status":"publish","type":"post","link":"https:\/\/www.funtur.ro\/blog\/2011\/05\/23\/concert-einuiea-la-ateneul-roman\/","title":{"rendered":"Concert EINUIEA la Ateneul Roman"},"content":{"rendered":"<p>Maine, marti <strong>24 mai<\/strong>, la <strong>ora 19:00,<\/strong> sunteti invitati la <strong>Sala Mica a Ateneului Roman<\/strong> la premiera noului proiect de muzic\u0103, film \u015fi poezie al ansamblului <strong>Einuiea<\/strong>: <strong><em>Moartea obosit\u0103 &#8211; <\/em><\/strong>o c\u0103l\u0103torie imaginar\u0103 \u00eenso\u0163it\u0103 de muzic\u0103 \u015fi sugestii literare, concept de <strong>Radu Radescu.<\/strong><\/p>\n<p><strong>&#8220;<\/strong>Ajun\u015fi la hanul dintr-un mic sat german, doi tineri \u00eendr\u0103gosti\u0163i fac cuno\u015ftin\u0163\u0103 brusc cu Moartea. Sub forma unui str\u0103in singuratic, Moartea \u00eel r\u0103pe\u015fte pe logodnic \u015fi \u00eel sechestreaz\u0103 \u00een spatele unui zid \u00eenalt, f\u0103r\u0103 ferestre sau por\u0163i, vecin cu cimitirul. \u00cencerc\u00e2nd s\u0103 \u00eel salveze, t\u00e2n\u0103ra fat\u0103 g\u0103se\u015fte o intrare, \u00een urma unei viziuni onirice. Dincolo de zid o a\u015fteapt\u0103 Moartea, care \u00eei ofer\u0103 trei \u00eencerc\u0103ri, scurte doar c\u00e2t ar arde o lum\u00e2nare, prin care poate preveni moartea iubitului. Ea devine, pe r\u00e2nd, o femeie din Persia, Vene\u0163ia \u015fi China, \u00eens\u0103 \u00een niciuna dintre situa\u0163iile fantastice nu are succes. Impresionat de credin\u0163a fetei, Moartea \u00eei ofer\u0103 o ultim\u0103 \u015fans\u0103. Are o or\u0103 s\u0103 conving\u0103 pe altcineva s\u0103 moar\u0103 \u00een locul logodnicului. Secven\u0163ele care se desf\u0103\u015foar\u0103 \u00een Persia, Italia, China \u015fi Germania ofer\u0103 forma\u0163iei ocazia de a face apel la motive muzicale de inspira\u0163ie tradi\u0163ional\u0103, dar \u015fi de a imagina teme originale \u015fi pasaje improvizatorice, punctate de lirica metaforic\u0103 a lui Emil Botta.&#8221;<\/p>\n<p>Muzica originala a ansamblului <strong>Einuiea<\/strong> si poeziile lui <strong>Emil Botta<\/strong> din volumul <em>Un dor f\u0103r\u0103 sa\u0163iu <\/em>(Editura Minerva, 1991, \u00eengrijit de <strong>Doina Uricariu), in recitarea actritei Crenguta Hariton,<\/strong> vor insoti\u00a0proiec\u0163ia filmului<em> <strong>Der M\u00fcde Tod<\/strong><\/em> (Germania, 1921, regia: <strong>Fritz Lang<\/strong>, scenariul: <strong>Fritz Lang<\/strong> &amp; <strong>Thea von Harbou).\u00a0<\/strong><\/p>\n<p><a href=\"https:\/\/www.funtur.ro\/blog\/wp-content\/uploads\/der_mude_tod2d.jpg\"><img loading=\"lazy\" decoding=\"async\" class=\"alignleft size-medium wp-image-3127\" title=\"der_mude_tod2d\" src=\"https:\/\/www.funtur.ro\/blog\/wp-content\/uploads\/der_mude_tod2d-300x195.jpg\" alt=\"\" width=\"300\" height=\"195\" srcset=\"https:\/\/www.funtur.ro\/blog\/wp-content\/uploads\/der_mude_tod2d-300x195.jpg 300w, https:\/\/www.funtur.ro\/blog\/wp-content\/uploads\/der_mude_tod2d.jpg 600w\" sizes=\"auto, (max-width: 300px) 100vw, 300px\" \/><\/a><\/p>\n<p><strong>\u00a0<\/strong><\/p>\n<p><strong>\u00a0<\/strong><\/p>\n<p><strong>\u00a0<\/strong><\/p>\n<p><strong>\u00a0<\/strong><\/p>\n<div><strong>\u00a0<\/strong><\/div>\n<div><strong>\u00a0<\/strong><\/div>\n<p><strong>\u00a0<\/p>\n<p><\/strong><\/p>\n","protected":false},"excerpt":{"rendered":"<p>Maine, marti 24 mai, la ora 19:00, sunteti invitati la Sala Mica a Ateneului Roman la premiera noului proiect de muzic&#259;, film &#351;i poezie al ansamblului Einuiea: Moartea obosit&#259; &ndash; o c&#259;l&#259;torie imaginar&#259; &icirc;nso&#355;it&#259; de muzic&#259; &#351;i sugestii literare, concept de Radu Radescu. &ldquo;Ajun&#351;i la hanul dintr-un mic sat german, doi tineri &icirc;ndr&#259;gosti&#355;i fac cuno&#351;tin&#355;&#259; [&hellip;]<\/p>\n","protected":false},"author":6,"featured_media":0,"comment_status":"open","ping_status":"open","sticky":false,"template":"","format":"standard","meta":{"footnotes":""},"categories":[1,3],"tags":[732,736,733,730,735,734,51,731],"class_list":["post-3126","post","type-post","status-publish","format-standard","hentry","category-altele","category-fun-turism","tag-activitati-culturale-in-bucuresti","tag-concepte-culturale-radu-radescu","tag-eveniment-einuiea-la-ateneul-roman","tag-serile-in-bucuresti","tag-spectacole-cu-ansamblul-einuiea","tag-spectacole-la-ateneul-roman","tag-turism-cultural","tag-unde-mergem-serile-in-bucuresti"],"_links":{"self":[{"href":"https:\/\/www.funtur.ro\/blog\/wp-json\/wp\/v2\/posts\/3126","targetHints":{"allow":["GET"]}}],"collection":[{"href":"https:\/\/www.funtur.ro\/blog\/wp-json\/wp\/v2\/posts"}],"about":[{"href":"https:\/\/www.funtur.ro\/blog\/wp-json\/wp\/v2\/types\/post"}],"author":[{"embeddable":true,"href":"https:\/\/www.funtur.ro\/blog\/wp-json\/wp\/v2\/users\/6"}],"replies":[{"embeddable":true,"href":"https:\/\/www.funtur.ro\/blog\/wp-json\/wp\/v2\/comments?post=3126"}],"version-history":[{"count":3,"href":"https:\/\/www.funtur.ro\/blog\/wp-json\/wp\/v2\/posts\/3126\/revisions"}],"predecessor-version":[{"id":3130,"href":"https:\/\/www.funtur.ro\/blog\/wp-json\/wp\/v2\/posts\/3126\/revisions\/3130"}],"wp:attachment":[{"href":"https:\/\/www.funtur.ro\/blog\/wp-json\/wp\/v2\/media?parent=3126"}],"wp:term":[{"taxonomy":"category","embeddable":true,"href":"https:\/\/www.funtur.ro\/blog\/wp-json\/wp\/v2\/categories?post=3126"},{"taxonomy":"post_tag","embeddable":true,"href":"https:\/\/www.funtur.ro\/blog\/wp-json\/wp\/v2\/tags?post=3126"}],"curies":[{"name":"wp","href":"https:\/\/api.w.org\/{rel}","templated":true}]}}