{"id":3085,"date":"2011-05-18T13:31:49","date_gmt":"2011-05-18T11:31:49","guid":{"rendered":"http:\/\/www.funtur.ro\/blog\/?p=3085"},"modified":"2011-05-19T19:29:14","modified_gmt":"2011-05-19T17:29:14","slug":"evenimente-culturale-la-muzeul-taranului-roman","status":"publish","type":"post","link":"https:\/\/www.funtur.ro\/blog\/2011\/05\/18\/evenimente-culturale-la-muzeul-taranului-roman\/","title":{"rendered":"Evenimente culturale la Muzeul Taranului Roman"},"content":{"rendered":"<p>In perioada urmatoare, <a href=\"http:\/\/www.muzeultaranuluiroman.ro\/\"><strong>Muzeul National al Taranului Roman<\/strong> <\/a>si <strong>Clubul Taranului Roman<\/strong> gazduiesc cateva evenimente culturale foarte interesante si demne de vazut si de ascultat.<\/p>\n<p>De exemplu, pe 1<strong>9 mai<\/strong> de la ora <strong>16:30<\/strong>, copiii peste cinci ani (adica pana la 100) pot asculta o <strong>Odisee Muzical\u0103.<\/strong>Povestea lui Ulise,\u00a0muzica nimfei Calipso sau cantul sirenelor sunt invocate de\u00a0<strong><a href=\"http:\/\/georgeturliu.wordpress.com\/\">George Turliu<\/a><\/strong><strong>.<\/strong><\/p>\n<p><strong>(Inscrieri la telefon: 0727 841 750)<\/strong><\/p>\n<p><a href=\"https:\/\/www.funtur.ro\/blog\/wp-content\/uploads\/odiseea-muzicala.jpg\"><img loading=\"lazy\" decoding=\"async\" class=\"alignleft size-medium wp-image-3086\" title=\"odiseea-muzicala\" src=\"https:\/\/www.funtur.ro\/blog\/wp-content\/uploads\/odiseea-muzicala-228x300.jpg\" alt=\"\" width=\"228\" height=\"300\" srcset=\"https:\/\/www.funtur.ro\/blog\/wp-content\/uploads\/odiseea-muzicala-228x300.jpg 228w, https:\/\/www.funtur.ro\/blog\/wp-content\/uploads\/odiseea-muzicala.jpg 381w\" sizes=\"auto, (max-width: 228px) 100vw, 228px\" \/><\/a><\/p>\n<p>In perioada <strong>11 \u2013 25 mai<\/strong>, in\u00a0<strong>Sala Foaier<\/strong> a\u00a0<strong>Muzeului Taranului Roman<\/strong> veti putea admira expozitia <strong>Cuierul si Oglinda &#8211;<\/strong> <strong>Sasa-Liviu Stoianovici.<\/strong><\/p>\n<p><strong>Sa\u015fa-Liviu Stoianovici<\/strong> este un artist original si pasionat care combina muzica experimental\u0103 \u015fi artele vizuale.<\/p>\n<p>&#8220;Poate pentru c\u0103 at\u00e2rn\u0103 pe noi, din ce \u00een ce mai grele cu trecerea anilor, ajungem s\u0103 le ag\u0103\u0163\u0103m, la r\u00e2ndul lor, pe unde apuc\u0103m. Sp\u00e2nzura\u0163i f\u0103r\u0103 carne, leg\u0103n\u00e2ndu-se \u00een cuier.<br \/>\nNeat\u00e2rnarea, un cuv\u00e2nt \u015flefuit \u00een iepoca, m\u00e2ndrie patriotic\u0103 a \u0163\u00e2mburu\u015fului care ajunge s\u0103 se cread\u0103 buric de Univers.<br \/>\nDin c\u00e2nd \u00een c\u00e2nd, pe at\u00e2rnatele astea, care ne acoper\u0103 buricul, suspend\u0103m una, alta. O bro\u015f\u0103, un m\u0103r\u0163i\u015for, o floricic\u0103 de nunt\u0103, o panglic\u0103 de doliu. O isign\u0103. Semne. \u00centre pu\u015ftiul cu role, cozorocul pe ceaf\u0103 \u015fi insigna glumea\u0163\u0103 \u00eennobil\u00e2ndu-i \u015fapca \u015fi veteranul de r\u0103zbel, purt\u00e2ndu-\u015fi satisf\u0103cut certificarea la rever, bobul de metal care \u00eei confer\u0103 un loc \u00een autobuz, nu este prea mare diferen\u0163\u0103. Doar aceea c\u0103 b\u0103tr\u00e2nul \u00eencearc\u0103 s\u0103 ne spun\u0103 ceva cu insigna.<br \/>\nP\u00e2n\u0103 la urm\u0103, colonialistul ofer\u0103 cioburi, semin\u0163e de oglind\u0103 \u00een care lumea reverbereaz\u0103 la nesf\u00e2r\u015fit, repet\u00e2nd ca la spovedanie toate lucrurile rele, \u00eenmul\u0163indu-le \u00eens\u0103 \u015fi pe cele bune, ca \u00een parabola pe\u015ftilor, pentru a primi aur b\u0103\u015ftina\u015f. Avem nevoie istoric\u0103 de str\u0103lucire, chiar dac\u0103 ne mul\u0163umim c\u00e2teodat\u0103 numai cu luciul superficial.<br \/>\nTinicheaua cu \u015fnur certific\u0103, impune, atrage aten\u0163ia, d\u0103 dreptul.<br \/>\nAt\u00e2rn\u00e2nd peste noi, istoria creeaz\u0103 momentul. \u00cel impune. Bate medalie \u00eentru aducerea lui aminte. Nu-i de-ajuns un singur soare, sub care to\u0163i suntem p\u00e2n\u0103 la urm\u0103 egali. L\u0103s\u00e2ndu-se \u00een voia jocului s\u0103u de raze, n\u0103stureii \u0103\u015ftia, auri\u0163i \u015fi arginta\u0163i, ajung pe pieptul unora dintre noi. \u015ei astfel se na\u015fte ierarhia.<br \/>\nSpunem \u015fi respunem istoria, tocindu-i \u00een\u0163elesurile tocmai pentru a ne fixa mai bine \u00een ele. Atunci c\u00e2nd st\u0103m la mas\u0103. Povestea repovestit\u0103 na\u015fte mitul, \u00een carafa goal\u0103 ascunz\u00e2ndu-se de-a valma eroii. Timpul se cuib\u0103re\u015fte \u00een drojdie, n\u0103sc\u00e2nd din fundul butoiului al\u0163i \u015fi al\u0163i semizei.&#8221; <a href=\"http:\/\/cdpl.ro\/calin-torsan.html\"><strong>Calin Torsan <\/strong><\/a>(scriitor si muzician)<\/p>\n<p><a href=\"https:\/\/www.funtur.ro\/blog\/wp-content\/uploads\/afmtr2011buncopy.jpg\"><img loading=\"lazy\" decoding=\"async\" class=\"alignleft size-full wp-image-3094\" title=\"afmtr2011buncopy\" src=\"https:\/\/www.funtur.ro\/blog\/wp-content\/uploads\/afmtr2011buncopy.jpg\" alt=\"\" width=\"200\" height=\"288\" \/><\/a><a href=\"https:\/\/www.funtur.ro\/blog\/wp-content\/uploads\/afissffinalemail.jpg\"><\/a><\/p>\n<p>Si, nu in ultimul rand, intre <strong>19<\/strong> si <strong>22 mai,<\/strong> se va desfasura in <strong>Sala de Oaspeti, Salonul de Fotografie Bucure\u015fti,<\/strong> aflat la a doua edi\u0163ie<strong>.<\/strong><\/p>\n<p>Expozitii, intalniri cu fotografi si alti oameni de arta, sesiuni, foto, cursuri practice, concursuri, lansari &#8211; un program extrem de bogat si indraznet pe perioada a patru zile, pe care eu una n-as vrea sa-l ratez.<\/p>\n<p>Program:<\/p>\n<p>Joi, 19 mai \u2013 12.00 \u2013 20.00<br \/>\nVineri, 20 mai \u2013 11.00 \u2013 20.00<br \/>\nSambata, 21 mai \u2013 10.00 \u2013 20.00<br \/>\nDuminica, 22 mai \u2013 10.00 \u2013 18.00<\/p>\n<p><a href=\"https:\/\/www.funtur.ro\/blog\/wp-content\/uploads\/afissffinalemail.jpg\"><img loading=\"lazy\" decoding=\"async\" title=\"afissffinalemail\" src=\"https:\/\/www.funtur.ro\/blog\/wp-content\/uploads\/afissffinalemail.jpg\" alt=\"\" width=\"200\" height=\"264\" \/><\/a><\/p>\n","protected":false},"excerpt":{"rendered":"<p>In perioada urmatoare, Muzeul National al Taranului Roman si Clubul Taranului Roman gazduiesc cateva evenimente culturale foarte interesante si demne de vazut si de ascultat. De exemplu, pe 19 mai de la ora 16:30, copiii peste cinci ani (adica pana la 100) pot asculta o Odisee Muzical&#259;.Povestea lui Ulise,&nbsp;muzica nimfei Calipso sau cantul sirenelor sunt [&hellip;]<\/p>\n","protected":false},"author":6,"featured_media":0,"comment_status":"open","ping_status":"open","sticky":false,"template":"","format":"standard","meta":{"footnotes":""},"categories":[1,4],"tags":[726,252,325,722,51,329],"class_list":["post-3085","post","type-post","status-publish","format-standard","hentry","category-altele","category-de-prin-romania","tag-clubul-taranului-roman-in-mai-2011","tag-evenimente-culturale-in-bucuresti","tag-evenimente-la-muzeul-taranului-roman","tag-sfarsit-de-saptamana-in-bucuresti","tag-turism-cultural","tag-unde-mergem-in-week-end-in-bucuresti"],"_links":{"self":[{"href":"https:\/\/www.funtur.ro\/blog\/wp-json\/wp\/v2\/posts\/3085","targetHints":{"allow":["GET"]}}],"collection":[{"href":"https:\/\/www.funtur.ro\/blog\/wp-json\/wp\/v2\/posts"}],"about":[{"href":"https:\/\/www.funtur.ro\/blog\/wp-json\/wp\/v2\/types\/post"}],"author":[{"embeddable":true,"href":"https:\/\/www.funtur.ro\/blog\/wp-json\/wp\/v2\/users\/6"}],"replies":[{"embeddable":true,"href":"https:\/\/www.funtur.ro\/blog\/wp-json\/wp\/v2\/comments?post=3085"}],"version-history":[{"count":9,"href":"https:\/\/www.funtur.ro\/blog\/wp-json\/wp\/v2\/posts\/3085\/revisions"}],"predecessor-version":[{"id":3097,"href":"https:\/\/www.funtur.ro\/blog\/wp-json\/wp\/v2\/posts\/3085\/revisions\/3097"}],"wp:attachment":[{"href":"https:\/\/www.funtur.ro\/blog\/wp-json\/wp\/v2\/media?parent=3085"}],"wp:term":[{"taxonomy":"category","embeddable":true,"href":"https:\/\/www.funtur.ro\/blog\/wp-json\/wp\/v2\/categories?post=3085"},{"taxonomy":"post_tag","embeddable":true,"href":"https:\/\/www.funtur.ro\/blog\/wp-json\/wp\/v2\/tags?post=3085"}],"curies":[{"name":"wp","href":"https:\/\/api.w.org\/{rel}","templated":true}]}}