{"id":12546,"date":"2016-07-31T13:49:37","date_gmt":"2016-07-31T11:49:37","guid":{"rendered":"http:\/\/www.funtur.ro\/blog\/?p=12546"},"modified":"2016-08-01T13:18:16","modified_gmt":"2016-08-01T11:18:16","slug":"noto-lumina-si-baroc-sicilian-roz-auriu","status":"publish","type":"post","link":"https:\/\/www.funtur.ro\/blog\/2016\/07\/31\/noto-lumina-si-baroc-sicilian-roz-auriu\/","title":{"rendered":"Noto &#8211; lumin\u0103 \u0219i baroc sicilian roz-auriu"},"content":{"rendered":"<p>&nbsp;<\/p>\n<p>Fructul oprit e mult mai gustos &#8211; se confirm\u0103 acum \u00een perioada asta \u00een care sunt practic re\u021binut\u0103 la domiciliu, limitat\u0103 la plimb\u0103rile zilnice cu Domnu Fix prin parcul Tineretului \u0219i magazinele din preajma casei. Puturosul din mine m-a f\u0103cut de multe ori s\u0103 renun\u021b la ie\u0219iri doar din pur\u0103 \u0219i cras\u0103 lene. Acum, m\u0103 ard t\u0103lpile \u0219i parc\u0103 a\u0219 pleca \u00een toat\u0103 lumea deodat\u0103, a\u0219 dansa, a\u0219 \u021bop\u0103i, a\u0219 alerga, m\u0103 rog, tot ceea ce nu pot \u00eenc\u0103. Caut pe Internet tot felul de loca\u021bii \u0219i caz\u0103ri, m\u0103 uit cu jind la toate ofertele de plecare \u0219i m\u0103 consolez cu ideea c\u0103 nu mai e mult p\u00een\u0103 s\u0103 pot pleca.<\/p>\n<p>Una dintre modalit\u0103\u021bile de evadare e c\u0103l\u0103toria \u00een timp. Mi-e din ce \u00een ce mai u\u0219or s\u0103 m\u0103 arunc \u00eenapoi \u00eentr-un moment din oricare dintre c\u0103l\u0103toriile mele. Sunt acum \u00een <a href=\"https:\/\/www.funtur.ro\/blog\/2014\/06\/05\/irlanda-tara-spiridusilor-verzi-si-a-norocului\/\">Galway<\/a>, pe marginea coastei ce se pr\u0103bu\u0219e\u0219te vertical \u00een ocean \u0219i \u00een clipa urm\u0103toare v\u0103d <a href=\"https:\/\/www.funtur.ro\/blog\/2011\/10\/13\/7-lucruri-pe-care-nu-le-stiati-despre-barcelona\/\">Barcelona <\/a>de pe Monjuic. Sunt pe Rocca din Cefalu cu ochii la marea \u00een culori \u00eencredibile \u0219i privesc al\u0103turi de Sfinxul ro\u0219u din <a href=\"https:\/\/www.funtur.ro\/blog\/2012\/11\/15\/anacapri-si-visul-lui-axel-munthe\/\">Capri <\/a>al lui Axel Munte. Piramida din <a href=\"https:\/\/www.funtur.ro\/blog\/2011\/08\/05\/uxmal-dragostea-mea-continuare\/\">Uxmal <\/a>\u00eemi umple mintea de uimire \u0219i cea\u021ba de diminea\u021b\u0103 \u00eemi dezv\u0103luie \u00eenc\u0103 o dat\u0103 misterul ora\u0219ului <a href=\"https:\/\/www.funtur.ro\/blog\/2016\/06\/27\/machu-picchu-subiectiv-orasul-dintre-munti\/\">Machu Picchu.<\/a><\/p>\n<p>&nbsp;<\/p>\n<p><a href=\"http:\/\/s869.photobucket.com\/user\/Anca_Argesiu\/media\/Sicilia\/1-DSC_2969_zpsje8mvlfo.jpg.html\" target=\"_blank\"><img loading=\"lazy\" decoding=\"async\" class=\"\" src=\"http:\/\/i869.photobucket.com\/albums\/ab257\/Anca_Argesiu\/Sicilia\/1-DSC_2969_zpsje8mvlfo.jpg\" alt=\" photo 1-DSC_2969_zpsje8mvlfo.jpg\" width=\"395\" height=\"263\" border=\"0\" \/><\/a><\/p>\n<p><a href=\"http:\/\/s869.photobucket.com\/user\/Anca_Argesiu\/media\/Irlanda\/DSC_0059_zpsf382bcfc.jpg.html\" target=\"_blank\"><img loading=\"lazy\" decoding=\"async\" class=\"\" src=\"http:\/\/i869.photobucket.com\/albums\/ab257\/Anca_Argesiu\/Irlanda\/DSC_0059_zpsf382bcfc.jpg\" alt=\" photo DSC_0059_zpsf382bcfc.jpg\" width=\"270\" height=\"407\" border=\"0\" \/><\/a><\/p>\n<p><a href=\"http:\/\/s869.photobucket.com\/user\/Anca_Argesiu\/media\/Capri\/DSC_0160_zpsijhegasu.jpg.html\" target=\"_blank\"><img loading=\"lazy\" decoding=\"async\" class=\"\" src=\"http:\/\/i869.photobucket.com\/albums\/ab257\/Anca_Argesiu\/Capri\/DSC_0160_zpsijhegasu.jpg\" alt=\" photo DSC_0160_zpsijhegasu.jpg\" width=\"395\" height=\"263\" border=\"0\" \/><\/a><\/p>\n<p><a href=\"http:\/\/s869.photobucket.com\/user\/Anca_Argesiu\/media\/Mexic\/Uxmal%20front%20of%20Pyramid%20of%20the%20Magician_zpshuaihwzd.jpg.html\" target=\"_blank\"><img loading=\"lazy\" decoding=\"async\" class=\"\" src=\"http:\/\/i869.photobucket.com\/albums\/ab257\/Anca_Argesiu\/Mexic\/Uxmal%20front%20of%20Pyramid%20of%20the%20Magician_zpshuaihwzd.jpg\" alt=\" photo Uxmal front of Pyramid of the Magician_zpshuaihwzd.jpg\" width=\"396\" height=\"297\" border=\"0\" \/><\/a><\/p>\n<p>Azi vreau s\u0103 m\u0103 plimb printe grupele de 4 mo\u0219i, a\u0219eza\u021bi ici colo pe strada principal\u0103 din Noto, poate cea mai compact\u0103 \u0219i mai fermec\u0103toare aglomerare de <a href=\"https:\/\/www.funtur.ro\/blog\/2015\/05\/31\/9-zile-de-lumina-si-baroc-sicilian\/\">baroc sicilian.<\/a><\/p>\n<p><a href=\"http:\/\/s869.photobucket.com\/user\/Anca_Argesiu\/media\/Noto\/4%20moi%202_zpsjr3cpptg.jpg.html\" target=\"_blank\"><img loading=\"lazy\" decoding=\"async\" class=\"\" src=\"http:\/\/i869.photobucket.com\/albums\/ab257\/Anca_Argesiu\/Noto\/4%20moi%202_zpsjr3cpptg.jpg\" alt=\" photo 4 moi 2_zpsjr3cpptg.jpg\" width=\"397\" height=\"249\" border=\"0\" \/><\/a><\/p>\n<p><a href=\"http:\/\/s869.photobucket.com\/user\/Anca_Argesiu\/media\/Noto\/Cei%204%20moi_zpstrxa12ut.jpg.html\" target=\"_blank\"><img loading=\"lazy\" decoding=\"async\" class=\"\" src=\"http:\/\/i869.photobucket.com\/albums\/ab257\/Anca_Argesiu\/Noto\/Cei%204%20moi_zpstrxa12ut.jpg\" alt=\" photo Cei 4 moi_zpstrxa12ut.jpg\" width=\"268\" height=\"387\" border=\"0\" \/><\/a><\/p>\n<p>Noto e un or\u0103\u0219el pe care-l epuizezi \u00eentr-o zi pentru c\u0103 are o strad\u0103 principal\u0103 \u00eenso\u021bit\u0103 de alte dou\u0103 str\u0103zi paralele \u0219i str\u0103du\u021bele ce le leag\u0103 pe un spa\u021biu de 550km2, prin care au trecut romani, arabi, normanzi, \u0219i, dup\u0103 cum spune povestea, chiar \u0219i Hercule dup\u0103 cea de-a \u0219aptea sa munc\u0103. Doar c\u0103 e p\u0103cat s\u0103 stai acolo doar o zi.<\/p>\n<p>\u00cen 1503, regele Ferdinand III a dat ora\u0219ului titlul de Civitas Ingeniosa (ora\u0219 ingenios). Ora\u0219ul ingenios a fost \u00eens\u0103 distrus complet la cutremurul din 1693. Un grup de arhitec\u021bi minuna\u021bi a g\u00eendit apoi aceast\u0103 mic\u0103 capodoper\u0103 de baroc sicilian ale c\u0103rei cl\u0103diri, multe construite din piatr\u0103 de tuf vulcanic, r\u0103sfr\u00eeng asupra \u00eentregul ora\u0219 un aer roz-auriu, absolut ireal.<\/p>\n<p><a href=\"http:\/\/s869.photobucket.com\/user\/Anca_Argesiu\/media\/Noto\/Coloane%20baroce_zpsdoeucotf.jpg.html\" target=\"_blank\"><img loading=\"lazy\" decoding=\"async\" class=\"\" src=\"http:\/\/i869.photobucket.com\/albums\/ab257\/Anca_Argesiu\/Noto\/Coloane%20baroce_zpsdoeucotf.jpg\" alt=\" photo Coloane baroce_zpsdoeucotf.jpg\" width=\"397\" height=\"264\" border=\"0\" \/><\/a><\/p>\n<p>Nu numai cl\u0103dirile a\u0219ezate pe axa soarelui sunt absolut fermec\u0103toare, ci \u00eentreaga atmosfer\u0103 a or\u0103\u0219elului care penduleaz\u0103 \u00eentre turistic \u0219i provincie. La asfin\u021bit, dac\u0103 intri pe poarta mare (Porta Reale), cu soarele poleind toat\u0103 strada cu un lichid auriu ce \u00eenvele\u0219te copii, biciclete, turi\u0219ti \u0219i localnici, ai impresia c\u0103 tr\u0103ie\u0219ti \u00eentr-un loc care nu reu\u0219e\u0219te s\u0103 r\u0103m\u00een\u0103 un simplu or\u0103\u0219el de provincie. Zilnic se \u00eembrac\u0103 \u00een culori \u0219i \u00ee\u0219i afi\u0219eaz\u0103 m\u0103re\u021bia \u00een pofida oric\u0103ror \u00eencerc\u0103ri de aducere la realitate \u0219i seara cre\u0219te ca o poveste veche care nu se d\u0103 dus\u0103 oric\u00ee\u021bi mo\u0219ule\u021bi ar p\u00eendi-o.<\/p>\n<p><a href=\"http:\/\/s869.photobucket.com\/user\/Anca_Argesiu\/media\/Noto\/Strada%20la%20asfinit%20Noto_zpsid6b4fad.jpg.html\" target=\"_blank\"><img loading=\"lazy\" decoding=\"async\" class=\"\" src=\"http:\/\/i869.photobucket.com\/albums\/ab257\/Anca_Argesiu\/Noto\/Strada%20la%20asfinit%20Noto_zpsid6b4fad.jpg\" alt=\" photo Strada la asfinit Noto_zpsid6b4fad.jpg\" width=\"267\" height=\"400\" border=\"0\" \/><\/a><\/p>\n<p>Po\u021bi face o cur\u0103 de auriu \u0219i de deta\u0219are de c\u00eeteva zile \u00een care ai ce vedea: Catedrala, Prim\u0103ria, nenum\u0103ratele biserici, palate, micul parc de la intrare.<\/p>\n<p><a href=\"http:\/\/s869.photobucket.com\/user\/Anca_Argesiu\/media\/Noto\/Catedrala%20din%20Noto_zpsuzvuxpoq.jpg.html\" target=\"_blank\"><img loading=\"lazy\" decoding=\"async\" class=\"\" src=\"http:\/\/i869.photobucket.com\/albums\/ab257\/Anca_Argesiu\/Noto\/Catedrala%20din%20Noto_zpsuzvuxpoq.jpg\" alt=\" photo Catedrala din Noto_zpsuzvuxpoq.jpg\" width=\"397\" height=\"248\" border=\"0\" \/><\/a><\/p>\n<p><a href=\"http:\/\/s869.photobucket.com\/user\/Anca_Argesiu\/media\/Noto\/Primria%20din%20Noto_zpsrulwnc9l.jpg.html\" target=\"_blank\"><img loading=\"lazy\" decoding=\"async\" class=\"\" src=\"http:\/\/i869.photobucket.com\/albums\/ab257\/Anca_Argesiu\/Noto\/Primria%20din%20Noto_zpsrulwnc9l.jpg\" alt=\" photo Primria din Noto_zpsrulwnc9l.jpg\" width=\"398\" height=\"265\" border=\"0\" \/><\/a><\/p>\n<p><a href=\"http:\/\/s869.photobucket.com\/user\/Anca_Argesiu\/media\/Noto\/San%20Domenico_zpsitv65dhe.jpg.html\" target=\"_blank\"><img loading=\"lazy\" decoding=\"async\" class=\"\" src=\"http:\/\/i869.photobucket.com\/albums\/ab257\/Anca_Argesiu\/Noto\/San%20Domenico_zpsitv65dhe.jpg\" alt=\" photo San Domenico_zpsitv65dhe.jpg\" width=\"395\" height=\"263\" border=\"0\" \/><\/a><\/p>\n<p><a href=\"http:\/\/s869.photobucket.com\/user\/Anca_Argesiu\/media\/Noto\/San%20Carlo_zpsealcfpe8.jpg.html\" target=\"_blank\"><img loading=\"lazy\" decoding=\"async\" class=\"\" src=\"http:\/\/i869.photobucket.com\/albums\/ab257\/Anca_Argesiu\/Noto\/San%20Carlo_zpsealcfpe8.jpg\" alt=\" photo San Carlo_zpsealcfpe8.jpg\" width=\"394\" height=\"262\" border=\"0\" \/><\/a><\/p>\n<p>Stai la o teras\u0103 mic\u0103 pe Corso Vottorio Emanuele unde m\u0103n\u00eenci la fel de bine ca-n toat\u0103 Sicilia, bei un suc sau o cafea, ori o bere local\u0103, urci \u00een clopotni\u021bele bisericilor, mergi \u00een Palazzo Nicolaci, unde ai toate \u0219ansele s\u0103 fi singur \u00een tot palatul, mai ales dac\u0103 mergi la sf\u00eer\u0219itul dup\u0103-amiezii \u0219i de unde te salu\u021bi cu clopotele de la San Carlo.<\/p>\n<p><a href=\"http:\/\/s869.photobucket.com\/user\/Anca_Argesiu\/media\/Noto\/Palat%20Noto_zpst7g2xm0v.jpg.html\" target=\"_blank\"><img loading=\"lazy\" decoding=\"async\" class=\"\" src=\"http:\/\/i869.photobucket.com\/albums\/ab257\/Anca_Argesiu\/Noto\/Palat%20Noto_zpst7g2xm0v.jpg\" alt=\" photo Palat Noto_zpst7g2xm0v.jpg\" width=\"268\" height=\"402\" border=\"0\" \/><\/a><\/p>\n<p><a href=\"http:\/\/s869.photobucket.com\/user\/Anca_Argesiu\/media\/Noto\/Balcon%20baroc_zps9y3zdkmr.jpg.html\" target=\"_blank\"><img loading=\"lazy\" decoding=\"async\" class=\"\" src=\"http:\/\/i869.photobucket.com\/albums\/ab257\/Anca_Argesiu\/Noto\/Balcon%20baroc_zps9y3zdkmr.jpg\" alt=\" photo Balcon baroc_zps9y3zdkmr.jpg\" width=\"397\" height=\"264\" border=\"0\" \/><\/a><\/p>\n<p><a href=\"http:\/\/s869.photobucket.com\/user\/Anca_Argesiu\/media\/Noto\/Clopotele%20din%20San%20Carlo_zpsiojlyqum.jpg.html\" target=\"_blank\"><img loading=\"lazy\" decoding=\"async\" class=\"\" src=\"http:\/\/i869.photobucket.com\/albums\/ab257\/Anca_Argesiu\/Noto\/Clopotele%20din%20San%20Carlo_zpsiojlyqum.jpg\" alt=\" photo Clopotele din San Carlo_zpsiojlyqum.jpg\" width=\"398\" height=\"265\" border=\"0\" \/><\/a><\/p>\n<p><a href=\"http:\/\/s869.photobucket.com\/user\/Anca_Argesiu\/media\/Noto\/balcon%20NOto_zpsx1elqgjf.jpg.html\" target=\"_blank\"><img loading=\"lazy\" decoding=\"async\" class=\"\" src=\"http:\/\/i869.photobucket.com\/albums\/ab257\/Anca_Argesiu\/Noto\/balcon%20NOto_zpsx1elqgjf.jpg\" alt=\" photo balcon NOto_zpsx1elqgjf.jpg\" width=\"398\" height=\"249\" border=\"0\" \/><\/a><\/p>\n<p>Dac\u0103 diminea\u021ba are o luminozitate ce face s\u0103 str\u0103luceasc\u0103 roca cu stucaturi \u0219i volute a Catedralei sau a bisericii San Domenico, clopotni\u021bele din bisericile San Carlo \u0219i Santa Chiara sunt plasate perfect ca s\u0103 vezi \u00eentreaga localitate \u00een minunata ei compozi\u021bie unitar\u0103 \u0219i condensat\u0103.<\/p>\n<p><a href=\"http:\/\/s869.photobucket.com\/user\/Anca_Argesiu\/media\/Noto\/Noto%20de%20sus_zpsnedyd1aj.jpg.html\" target=\"_blank\"><img loading=\"lazy\" decoding=\"async\" class=\"\" src=\"http:\/\/i869.photobucket.com\/albums\/ab257\/Anca_Argesiu\/Noto\/Noto%20de%20sus_zpsnedyd1aj.jpg\" alt=\" photo Noto de sus_zpsnedyd1aj.jpg\" width=\"396\" height=\"264\" border=\"0\" \/><\/a><\/p>\n<p><a href=\"http:\/\/s869.photobucket.com\/user\/Anca_Argesiu\/media\/Noto\/Centru%20Noto_zpswlgm8qr5.jpg.html\" target=\"_blank\"><img loading=\"lazy\" decoding=\"async\" class=\"\" src=\"http:\/\/i869.photobucket.com\/albums\/ab257\/Anca_Argesiu\/Noto\/Centru%20Noto_zpswlgm8qr5.jpg\" alt=\" photo Centru Noto_zpswlgm8qr5.jpg\" width=\"396\" height=\"264\" border=\"0\" \/><\/a><\/p>\n<p><a href=\"http:\/\/s869.photobucket.com\/user\/Anca_Argesiu\/media\/Noto\/Clopote_zps439gdz1v.jpg.html\" target=\"_blank\"><img loading=\"lazy\" decoding=\"async\" class=\"\" src=\"http:\/\/i869.photobucket.com\/albums\/ab257\/Anca_Argesiu\/Noto\/Clopote_zps439gdz1v.jpg\" alt=\" photo Clopote_zps439gdz1v.jpg\" width=\"397\" height=\"264\" border=\"0\" \/><\/a><\/p>\n<p><a href=\"http:\/\/s869.photobucket.com\/user\/Anca_Argesiu\/media\/Noto\/Poarta%20de%20sus_zpshh5fuab5.jpg.html\" target=\"_blank\"><img loading=\"lazy\" decoding=\"async\" class=\"\" src=\"http:\/\/i869.photobucket.com\/albums\/ab257\/Anca_Argesiu\/Noto\/Poarta%20de%20sus_zpshh5fuab5.jpg\" alt=\" photo Poarta de sus_zpshh5fuab5.jpg\" width=\"398\" height=\"265\" border=\"0\" \/><\/a><\/p>\n<p><a href=\"http:\/\/s869.photobucket.com\/user\/Anca_Argesiu\/media\/Noto\/Balcoane_zpssj17qf4w.jpg.html\" target=\"_blank\"><img loading=\"lazy\" decoding=\"async\" class=\"\" src=\"http:\/\/i869.photobucket.com\/albums\/ab257\/Anca_Argesiu\/Noto\/Balcoane_zpssj17qf4w.jpg\" alt=\" photo Balcoane_zpssj17qf4w.jpg\" width=\"269\" height=\"403\" border=\"0\" \/><\/a><\/p>\n<p><a href=\"http:\/\/s869.photobucket.com\/user\/Anca_Argesiu\/media\/Noto\/Spre%20asfinit%20Noto_zpsvg1cd37o.jpg.html\" target=\"_blank\"><img loading=\"lazy\" decoding=\"async\" class=\"\" src=\"http:\/\/i869.photobucket.com\/albums\/ab257\/Anca_Argesiu\/Noto\/Spre%20asfinit%20Noto_zpsvg1cd37o.jpg\" alt=\" photo Spre asfinit Noto_zpsvg1cd37o.jpg\" width=\"397\" height=\"264\" border=\"0\" \/><\/a><\/p>\n<p>O parte din iubirea mea a r\u0103mas la Noto a\u0219a cum a r\u0103mas \u00een multe alte locuri de care mi-e dor \u0219i pe care le rev\u0103d oric\u00eend doresc \u00een mintea mea \u0219i, slav\u0103 domnului pentru tehnologie, \u00een fotografii.<\/p>\n<p>Nu m\u0103 omor dup\u0103 baroc \u0219i, a\u0219a cum am mai m\u0103rturisit deja, interioarele unora dintre bisericile baroce, chiar cele siciliene, mi se par mult prea \u00eenc\u0103rcate pentru gustul meu, unele la nivelul kitsch-ului. Dar asta e dup\u0103 gustul meu. Barocul sicilian la exterior este \u00eens\u0103 o poezie luminoas\u0103.\u00a0 O tur\u0103 \u00eentre Catania \u0219i Ragusa e ceea ce v\u0103 doresc \u0219i vou\u0103. De fapt, Sicilia, \u00een \u00eentregimea sa, e o ofert\u0103 irezistibil\u0103 de care \u00eemi doresc s\u0103 mai profit \u0219i alt\u0103 dat\u0103. \u0218i poate ne vedem acolo. Doar spune\u021bi c\u00eend \u0219i sunt gata.<\/p>\n","protected":false},"excerpt":{"rendered":"<p>&nbsp; Fructul oprit e mult mai gustos &ndash; se confirm&#259; acum &icirc;n perioada asta &icirc;n care sunt practic re&#539;inut&#259; la domiciliu, limitat&#259; la plimb&#259;rile zilnice cu Domnu Fix prin parcul Tineretului &#537;i magazinele din preajma casei. Puturosul din mine m-a f&#259;cut de multe ori s&#259; renun&#539; la ie&#537;iri doar din pur&#259; &#537;i cras&#259; lene. Acum, [&hellip;]<\/p>\n","protected":false},"author":6,"featured_media":0,"comment_status":"open","ping_status":"open","sticky":false,"template":"","format":"standard","meta":{"footnotes":""},"categories":[10,5,9],"tags":[2690,2694,2695,2693,2692,2691],"class_list":["post-12546","post","type-post","status-publish","format-standard","hentry","category-atractii-turistice","category-de-prin-europa","category-insemnari-din-calatorii","tag-barocul-sicilian-din-noto","tag-cel-mai-spectaculos-baroc-sicilian","tag-frumusetile-baroce-ale-siciliei","tag-noto","tag-sicilia-si-barocul-sicilian","tag-unde-sa-mergi-in-sicilia"],"_links":{"self":[{"href":"https:\/\/www.funtur.ro\/blog\/wp-json\/wp\/v2\/posts\/12546","targetHints":{"allow":["GET"]}}],"collection":[{"href":"https:\/\/www.funtur.ro\/blog\/wp-json\/wp\/v2\/posts"}],"about":[{"href":"https:\/\/www.funtur.ro\/blog\/wp-json\/wp\/v2\/types\/post"}],"author":[{"embeddable":true,"href":"https:\/\/www.funtur.ro\/blog\/wp-json\/wp\/v2\/users\/6"}],"replies":[{"embeddable":true,"href":"https:\/\/www.funtur.ro\/blog\/wp-json\/wp\/v2\/comments?post=12546"}],"version-history":[{"count":13,"href":"https:\/\/www.funtur.ro\/blog\/wp-json\/wp\/v2\/posts\/12546\/revisions"}],"predecessor-version":[{"id":12559,"href":"https:\/\/www.funtur.ro\/blog\/wp-json\/wp\/v2\/posts\/12546\/revisions\/12559"}],"wp:attachment":[{"href":"https:\/\/www.funtur.ro\/blog\/wp-json\/wp\/v2\/media?parent=12546"}],"wp:term":[{"taxonomy":"category","embeddable":true,"href":"https:\/\/www.funtur.ro\/blog\/wp-json\/wp\/v2\/categories?post=12546"},{"taxonomy":"post_tag","embeddable":true,"href":"https:\/\/www.funtur.ro\/blog\/wp-json\/wp\/v2\/tags?post=12546"}],"curies":[{"name":"wp","href":"https:\/\/api.w.org\/{rel}","templated":true}]}}