{"id":12428,"date":"2016-06-18T11:30:19","date_gmt":"2016-06-18T09:30:19","guid":{"rendered":"http:\/\/www.funtur.ro\/blog\/?p=12428"},"modified":"2016-06-18T11:30:19","modified_gmt":"2016-06-18T09:30:19","slug":"diminetile-lui-fix-bica-si-porumbeii","status":"publish","type":"post","link":"https:\/\/www.funtur.ro\/blog\/2016\/06\/18\/diminetile-lui-fix-bica-si-porumbeii\/","title":{"rendered":"Dimine\u021bile lui Fix &#8211; Bic\u0103 \u0219i porumbeii"},"content":{"rendered":"<p>&nbsp;<\/p>\n<p><a href=\"http:\/\/s869.photobucket.com\/user\/Anca_Argesiu\/media\/Fix\/DSC_3377_zpsfw5ukraw.jpg.html\" target=\"_blank\"><img loading=\"lazy\" decoding=\"async\" class=\"\" src=\"http:\/\/i869.photobucket.com\/albums\/ab257\/Anca_Argesiu\/Fix\/DSC_3377_zpsfw5ukraw.jpg\" alt=\" photo DSC_3377_zpsfw5ukraw.jpg\" width=\"394\" height=\"262\" border=\"0\" \/><\/a><\/p>\n<p>&#8211; Pfiu! Pleac\u0103 de-aici c\u0103 m\u0103 enervezi groaznic, se \u00eenfoaie Fix s\u0103lt\u00eendu-\u0219i musta\u021ba dreapt\u0103 mai mult dec\u00eet pe cea st\u00eeng\u0103. \u00centoarce apoi coada cu dispre\u021b \u0219i-\u0219i salt\u0103 cu oarecare dificultate fundul \u00eenapoi pe canapea.<\/p>\n<p>&#8211; Frate, enervant r\u0103u porumbelul \u0103sta!<\/p>\n<p>&#8211; Da&#8217;, de unde \u0219tii c\u0103-i acela\u0219i? Poate-s mai mul\u021bi \u0219i fac cu r\u00eendul ca s\u0103 te scoat\u0103 pe tine din s\u0103rite. \u0218i pe mine, de altfel.<\/p>\n<p>-\u00cel \u0219tiu dup\u0103 miros. N-ai tu treab\u0103!<\/p>\n<p>&#8211; Acu&#8217;, \u0219tii c\u0103 e\u0219ti cam obraznic? \u021ai-ai cam luat nasul la purtare. Vezi cum vorbe\u0219ti!<\/p>\n<p>&#8211; Am avut mufa la purt\u0103tor de c\u00eend m\u0103 \u0219tiu \u0219i, de fapt, de c\u00eend m\u0103 \u0219tii \u0219i tu.<\/p>\n<p><a href=\"http:\/\/s869.photobucket.com\/user\/Anca_Argesiu\/media\/Fix\/DSC_0064.NEF_zpsoxjnojo0.jpg.html\" target=\"_blank\"><img loading=\"lazy\" decoding=\"async\" class=\"\" src=\"http:\/\/i869.photobucket.com\/albums\/ab257\/Anca_Argesiu\/Fix\/DSC_0064.NEF_zpsoxjnojo0.jpg\" alt=\" photo DSC_0064.NEF_zpsoxjnojo0.jpg\" width=\"394\" height=\"262\" border=\"0\" \/><\/a><\/p>\n<p>&#8211; Nu z\u0103u, o cau\u021bi! Vrei un ziar pe fund?<\/p>\n<p>&#8211; Nu, te rog, f\u0103r\u0103 ziar. Hai c\u0103-s cuminte. Uite ce cuminte sunt&#8230; \u00eentoarce capul \u00eentr-o parte uit\u00eendu-se nevinovat \u0219i u\u0219or gale\u0219.<\/p>\n<p>Aka pufne\u0219te u\u0219or. \u00centre timp, Bic\u0103 se pune pe ciripit disperat la col\u021bul balconului. Bic\u0103 \u0103sta e de fapt Bic\u0103 num\u0103rul doi \u2013 a\u0219a se \u00eent\u00eempl\u0103, \u00een fiecare an se treze\u0219te o vr\u0103biu\u021b\u0103, probabil mai puiu\u021b a\u0219a, s\u0103-\u0219i fac\u0103 veacul pe l\u00eeng\u0103 balconul meu \u0219i s\u0103 fac\u0103 scandal, mai \u00eent\u00eei, \u00een fiecare diminea\u021b\u0103 \u00een jur de \u0219ase, apoi \u00een mai multe ture \u00een cursul zilei.<\/p>\n<p><a href=\"http:\/\/s869.photobucket.com\/user\/Anca_Argesiu\/media\/Pasari\/1-DSC_0095_zpssscezarm.jpg.html\" target=\"_blank\"><img loading=\"lazy\" decoding=\"async\" class=\"\" src=\"http:\/\/i869.photobucket.com\/albums\/ab257\/Anca_Argesiu\/Pasari\/1-DSC_0095_zpssscezarm.jpg\" alt=\" photo 1-DSC_0095_zpssscezarm.jpg\" width=\"393\" height=\"261\" border=\"0\" \/><\/a><\/p>\n<p>&#8211; M\u0103, iar a \u00eenceput \u0103sta! Taci m\u0103, Bic\u0103! Du-te \u0219i m\u0103n\u00eenc\u0103 \u0219i nu te mai strofoca at\u00eet!<\/p>\n<p>&#8211; Hai, las\u0103-l \u0219i pe el s\u0103racu&#8217;, c\u0103 pare singurel r\u0103u! Nu mi-ai zis tu c\u0103 \u0103\u0219tia sunt mici \u0219i s\u0103-i las? M-ai \u00eenv\u0103\u021bat s\u0103 m\u0103 r\u0103stesc doar la porumbei \u0219i la turturele. Cam discriminatoriu, nu crezi?<\/p>\n<p><a href=\"http:\/\/s869.photobucket.com\/user\/Anca_Argesiu\/media\/Pasari\/DSC_0002_zps7to9fcbl.jpg.html\" target=\"_blank\"><img loading=\"lazy\" decoding=\"async\" class=\"\" src=\"http:\/\/i869.photobucket.com\/albums\/ab257\/Anca_Argesiu\/Pasari\/DSC_0002_zps7to9fcbl.jpg\" alt=\" photo DSC_0002_zps7to9fcbl.jpg\" width=\"395\" height=\"263\" border=\"0\" \/><\/a><\/p>\n<p>&#8211; Ce \u0219mecher e\u0219ti tu \u00een diminea\u021ba asta&#8230;. A\u0219a \u021bi-am zis pentru c\u0103 trebuie s\u0103 fac o alegere. Nu pot hr\u0103ni toate zbur\u0103toarele cerului. Via\u021ba asta e un \u0219ir continuu de alegeri, nu toate pl\u0103cute sau amuzante. Ca s\u0103 nu mai zic c\u0103 porumbeii sunt cam obraznici \u0219i tupei\u0219ti, trebuie s\u0103 admi\u021bi \u0219i tu.<\/p>\n<p>&#8211; A, \u0219i vr\u0103biu\u021bele nu-s!! Hai c\u0103 m\u0103 faci s\u0103 r\u00eenjesc, c\u0103 \u00eenc\u0103 n-am reu\u0219it s\u0103 r\u00eed. Chiar, c\u00eend m\u0103 \u00eenve\u021bi?<\/p>\n<p>&#8211; \u00cen primul r\u00eend, tu nu te r\u0103ste\u0219ti, tu latri&#8230;<\/p>\n<p>&#8211; Ba, pardon, chiar nimic n-ai \u00eenv\u0103\u021bat de c\u00eend e\u0219ti cu mine? Sunt nuan\u021be \u0219i nuan\u021be!<\/p>\n<p>&#8211; Bine, ok, dar te rog s\u0103 nu m\u0103 mai \u00eentrerupi c\u0103 nu-i frumos \u0219i m\u0103 irit\u0103 r\u0103u.<\/p>\n<p>&#8211; Tu vorbe\u0219ti, care \u00eentrerupi tot timpul pe toat\u0103 lumea!? Hai, z\u0103u, c\u0103 asta-i chiar bun\u0103!<\/p>\n<p>&#8211; Serios, \u021bi-o cau\u021bi r\u0103u! A\u0219a&#8230;\u00een al doilea r\u00eend, nu pot s\u0103 te \u00eenv\u0103\u021b s\u0103 r\u00eezi pentru c\u0103 nu e\u0219ti dotat pentru asta \u0219i, mai ales, pentru c\u0103 vreau s\u0103 evit anumite situa\u021bii jenante.<\/p>\n<p>&#8211; Ca de pild\u0103?<\/p>\n<p>&#8211; Las\u0103 c\u0103 \u0219tiu eu&#8230;.<\/p>\n<p>&#8211; Nu \u00een\u021beleg ce vrei s\u0103 spui. Sunt cel mai simpatic \u0219i dr\u0103gu\u021b animal din preajm\u0103.<\/p>\n<p>&#8211; Din preajma cui? E\u0219ti un ciufut afurisit!<\/p>\n<p>&#8211; Ei acum, z\u0103u c\u0103 sunt jignit.<\/p>\n<p><a href=\"http:\/\/s869.photobucket.com\/user\/Anca_Argesiu\/media\/Fix\/Fix%20portret_zpsstlwuetn.jpg.html\" target=\"_blank\"><img loading=\"lazy\" decoding=\"async\" class=\"\" src=\"http:\/\/i869.photobucket.com\/albums\/ab257\/Anca_Argesiu\/Fix\/Fix%20portret_zpsstlwuetn.jpg\" alt=\" photo Fix portret_zpsstlwuetn.jpg\" width=\"329\" height=\"371\" border=\"0\" \/><\/a><\/p>\n<p>&#8211; Pfff&#8230; de-aia nu mai pot eu!<\/p>\n<p>&#8211; Confunzi demnitatea cu &#8230;. nu \u0219tiu cu ce, c\u0103 nu \u0219tiu s\u0103-i spun&#8230; cu afurisenia.<\/p>\n<p>&#8211; Ba nu confund nimic. S\u0103-\u021bi amintesc cum te por\u021bi cu Kira? \u0218i e vecina ta \u0219i e o dr\u0103gu\u021b\u0103 \u0219i-o scumpic\u0103 care abia a\u0219tepta s\u0103 se joace cu tine.<\/p>\n<p>&nbsp;<\/p>\n<p><img loading=\"lazy\" decoding=\"async\" class=\"alignleft wp-image-12437\" src=\"https:\/\/www.funtur.ro\/blog\/wp-content\/uploads\/20160506_141705-709x1024.jpg\" alt=\"20160506_141705\" width=\"207\" height=\"299\" srcset=\"https:\/\/www.funtur.ro\/blog\/wp-content\/uploads\/20160506_141705-709x1024.jpg 709w, https:\/\/www.funtur.ro\/blog\/wp-content\/uploads\/20160506_141705-208x300.jpg 208w, https:\/\/www.funtur.ro\/blog\/wp-content\/uploads\/20160506_141705-768x1109.jpg 768w, https:\/\/www.funtur.ro\/blog\/wp-content\/uploads\/20160506_141705.jpg 1440w\" sizes=\"auto, (max-width: 207px) 100vw, 207px\" \/><\/p>\n<p>&#8211; Cum m\u0103 port? Ce? Ce-am f\u0103cut? Nici nu m-am atins de ea!<\/p>\n<p>&#8211; Nu numai c\u0103 nu te-ai atins de ea dar o ignori ca \u0219i cum ar fi transparent\u0103 \u0219i f\u0103r\u0103 miros. E\u0219ti un ofticos gelos \u0219i nesuferit!<\/p>\n<p>&#8211; Sunt profund \u0219ocat \u0219i nu mai vorbesc cu tine, s\u0103 \u0219tii!<\/p>\n<p>&#8211; N-ai dec\u00eet! \u0218i-a\u0219a am treab\u0103 \u0219i n-am timp de prostii.<\/p>\n<p>Fix \u00ee\u0219i r\u0103suce\u0219te indignat coada, morm\u0103ie ceva \u0219i se \u00eentoarce ostentativ cu spatele.<\/p>\n<p>&#8211; Mai bine te-ai duce s\u0103 vezi ce mai e pe la buc\u0103t\u0103rie. F\u0103-\u021bi datoria de c\u00eeine de v\u00een\u0103toare ce e\u0219ti \u0219i vezi dac\u0103 n-a venit iar vreun \u0219oricel c\u0103 n-ai fost \u00een stare s\u0103 m-anun\u021bi nici c\u00eend erau deja o familie \u00een toat\u0103 regula \u0219i mi-era \u0219i mie clar de mult.<\/p>\n<p>&#8211; Adic\u0103 tot eu sunt vinovat c\u0103 mi-am pierdut instinctele. Era treaba ta s\u0103 m\u0103 educi \u0219i s\u0103 m\u0103 duci la v\u00een\u0103toare, s\u0103 \u00eenv\u0103\u021b.<\/p>\n<p>&#8211; Acum chiar m\u0103 pufne\u0219te r\u00eesul. Tu la v\u00een\u0103toare! Tu care, dac\u0103 se d\u0103 unul mai serios la tine, \u00ee\u021bi pui coada-ntre picioare \u0219i \u00eencepi s\u0103 sc\u00eence\u0219ti ca un c\u0103\u021belandru timorat. &#8230;&#8230;. Ce, nu mai comentezi? &#8230;.. te-ai sup\u0103rat&#8230;. serios??&#8230;. adev\u0103rul doare, nu?&#8230;&#8230; uite, \u0219tii ce, las\u0103 mutrele c\u0103 nu \u021bine&#8230;.. hai, m\u0103, zii ceva&#8230;morm\u0103ie ceva&#8230;. pisoi&#8230;.moac\u0103&#8230;.bibiloi&#8230;.c\u0103\u021belu lu mami&#8230;hai, nu te sup\u0103ra, c\u0103 Aka te iube\u0219te&#8230; mult, mult&#8230;.<\/p>\n<p><a href=\"http:\/\/s869.photobucket.com\/user\/Anca_Argesiu\/media\/Fix\/DSC_3442_zpscuju2vdb.jpg.html\" target=\"_blank\"><img loading=\"lazy\" decoding=\"async\" class=\"\" src=\"http:\/\/i869.photobucket.com\/albums\/ab257\/Anca_Argesiu\/Fix\/DSC_3442_zpscuju2vdb.jpg\" alt=\" photo DSC_3442_zpscuju2vdb.jpg\" width=\"394\" height=\"262\" border=\"0\" \/><\/a><\/p>\n<p>&#8211; C\u00eet de mult? ridic\u0103 Fix o spr\u00eencean\u0103 pe sub breton<\/p>\n<p>&#8211; Mult, mult de tot! E\u0219ti cel mai scump \u0219i mai dr\u0103gu\u021b c\u0103\u021bel din univers. E bine?<\/p>\n<p>&#8211; Bini\u0219or&#8230; hai, mai zii&#8230;<\/p>\n<p>&#8211; Vezi, de-aia n-are ursul coad\u0103 \u0219i o s\u0103 \u021bi-o arestez \u0219i pe-a ta dac\u0103 te \u00eentreci cu gluma.<\/p>\n<p>Fix sare ca ars de pe canapea \u0219i se repede furibund \u0219i revolu\u021bionar pe balcon cu l\u0103tratul c\u00eet casa. Porumbel alb cu pete negre, s\u0103-i zicem Tupoi, \u00ee\u0219i flutur\u0103 aripile spre alte tenta\u021bii.<\/p>\n<p><a href=\"http:\/\/s869.photobucket.com\/user\/Anca_Argesiu\/media\/Pasari\/1-DSC_0005-1_zpsrtdfklkg.jpg.html\" target=\"_blank\"><img loading=\"lazy\" decoding=\"async\" class=\"\" src=\"http:\/\/i869.photobucket.com\/albums\/ab257\/Anca_Argesiu\/Pasari\/1-DSC_0005-1_zpsrtdfklkg.jpg\" alt=\" photo 1-DSC_0005-1_zpsrtdfklkg.jpg\" width=\"393\" height=\"272\" border=\"0\" \/><\/a><\/p>\n<p>&#8211; Bravo puiu\u021b!<\/p>\n<p>Fix \u00ee\u0219i salt\u0103 mul\u021bumit urechile \u0219i vine s\u0103 se lipeasc\u0103 ghem de Aka. Bic\u0103 revine s\u0103 fac\u0103 scandal, nu se \u0219tie bine de ce. Tupoi a disp\u0103rut din peisaj. Semin\u021bele-s tot acolo. Parc\u0103 v\u0103d c\u0103 tot Tupoi le \u00eenha\u021b\u0103 c\u0103 Bic\u0103 \u0103sta are alte probleme. Aka-\u0219i ia cartea s\u0103 termine capitolul \u0219i cafeaua.<\/p>\n<p>E o diminea\u021b\u0103 mul\u021bumitoare.<\/p>\n<p>&nbsp;<\/p>\n","protected":false},"excerpt":{"rendered":"<p>&nbsp; &ndash; Pfiu! Pleac&#259; de-aici c&#259; m&#259; enervezi groaznic, se &icirc;nfoaie Fix s&#259;lt&icirc;ndu-&#537;i musta&#539;a dreapt&#259; mai mult dec&icirc;t pe cea st&icirc;ng&#259;. &Icirc;ntoarce apoi coada cu dispre&#539; &#537;i-&#537;i salt&#259; cu oarecare dificultate fundul &icirc;napoi pe canapea. &ndash; Frate, enervant r&#259;u porumbelul &#259;sta! &ndash; Da&rsquo;, de unde &#537;tii c&#259;-i acela&#537;i? Poate-s mai mul&#539;i &#537;i fac cu r&icirc;ndul [&hellip;]<\/p>\n","protected":false},"author":6,"featured_media":0,"comment_status":"open","ping_status":"open","sticky":false,"template":"","format":"standard","meta":{"footnotes":""},"categories":[1,2675],"tags":[2678,2677,2676,2679],"class_list":["post-12428","post","type-post","status-publish","format-standard","hentry","category-altele","category-diminetile-lui-fix","tag-catei-si-pasari","tag-despre-vrabii-si-porumbei","tag-fix-si-aventurile-sale","tag-ocupatii-de-dimineata"],"_links":{"self":[{"href":"https:\/\/www.funtur.ro\/blog\/wp-json\/wp\/v2\/posts\/12428","targetHints":{"allow":["GET"]}}],"collection":[{"href":"https:\/\/www.funtur.ro\/blog\/wp-json\/wp\/v2\/posts"}],"about":[{"href":"https:\/\/www.funtur.ro\/blog\/wp-json\/wp\/v2\/types\/post"}],"author":[{"embeddable":true,"href":"https:\/\/www.funtur.ro\/blog\/wp-json\/wp\/v2\/users\/6"}],"replies":[{"embeddable":true,"href":"https:\/\/www.funtur.ro\/blog\/wp-json\/wp\/v2\/comments?post=12428"}],"version-history":[{"count":13,"href":"https:\/\/www.funtur.ro\/blog\/wp-json\/wp\/v2\/posts\/12428\/revisions"}],"predecessor-version":[{"id":12442,"href":"https:\/\/www.funtur.ro\/blog\/wp-json\/wp\/v2\/posts\/12428\/revisions\/12442"}],"wp:attachment":[{"href":"https:\/\/www.funtur.ro\/blog\/wp-json\/wp\/v2\/media?parent=12428"}],"wp:term":[{"taxonomy":"category","embeddable":true,"href":"https:\/\/www.funtur.ro\/blog\/wp-json\/wp\/v2\/categories?post=12428"},{"taxonomy":"post_tag","embeddable":true,"href":"https:\/\/www.funtur.ro\/blog\/wp-json\/wp\/v2\/tags?post=12428"}],"curies":[{"name":"wp","href":"https:\/\/api.w.org\/{rel}","templated":true}]}}