{"id":12298,"date":"2016-01-22T19:51:33","date_gmt":"2016-01-22T17:51:33","guid":{"rendered":"http:\/\/www.funtur.ro\/blog\/?p=12298"},"modified":"2016-01-22T19:51:33","modified_gmt":"2016-01-22T17:51:33","slug":"blogul-si-pauzele-sale","status":"publish","type":"post","link":"https:\/\/www.funtur.ro\/blog\/2016\/01\/22\/blogul-si-pauzele-sale\/","title":{"rendered":"Blogul \u0219i pauzele sale"},"content":{"rendered":"<p>&nbsp;<\/p>\n<p>Oric\u00eet de mult mi-ar pl\u0103cea s\u0103 cred c\u0103-s buricul p\u0103m\u00eentului \u0219i nu respira\u021bi bine f\u0103r\u0103 articolele mele, e clar c\u0103 \u00eenc\u0103 nu a intrat nimeni \u00een depresie pentru c\u0103 blogul meu st\u0103 cuminte \u0219i total lini\u0219tit de mai bine de o lun\u0103. \u0218i BBC \u00eenc\u0103 n-a comentat nimic c\u0103 nu mi-am f\u0103cut o trecere \u00een revist\u0103 a <a href=\"https:\/\/www.funtur.ro\/blog\/2015\/11\/23\/bologna-arcade-turnuri-si-parmezan\/\">anului trecut.<\/a><\/p>\n<p><a href=\"http:\/\/s869.photobucket.com\/user\/Anca_Argesiu\/media\/Belgia%20Gent\/734-DSC_0315_zpslvdgctbv.jpg.html\" target=\"_blank\"><img loading=\"lazy\" decoding=\"async\" class=\"\" src=\"http:\/\/i869.photobucket.com\/albums\/ab257\/Anca_Argesiu\/Belgia%20Gent\/734-DSC_0315_zpslvdgctbv.jpg\" alt=\" photo 734-DSC_0315_zpslvdgctbv.jpg\" width=\"431\" height=\"286\" border=\"0\" \/><\/a><\/p>\n<p>N-am scris nimic nici despre liste, planuri \u0219i inten\u021bii pentru anul \u0103sta. \u0218i chiar a\u0219a va \u0219i r\u0103m\u00eene pentru n-am nici ce-a mai vag\u0103 inten\u021bie de a face liste. Despre anul <a href=\"https:\/\/www.funtur.ro\/blog\/2015\/07\/10\/alba-neagra-pe-linia-fagaras-rupea-viscri\/\">trecut <\/a>v\u0103 zic at\u00eet: a fost unul extrem de amestecat cu multe <a href=\"https:\/\/www.funtur.ro\/blog\/2015\/05\/31\/9-zile-de-lumina-si-baroc-sicilian\/\">drumuri <\/a>minunate dar \u0219i cu un <a href=\"https:\/\/www.funtur.ro\/blog\/2015\/10\/31\/noaptea-n-care-vin-adevaratii-monstri\/\">final de an at\u00eet de dramatic<\/a> \u00eenc\u00eet a marcat imaginea \u00eentregului an.<\/p>\n<p>Cine mai cite\u0219te din c\u00eend \u00een c\u00eend ce scriu, o s\u0103 m\u0103 ierte, sper, pentru pauzele lungi. A\u0219a-i cu \u0103\u0219tia care vor s\u0103 fac\u0103 prea multe de-odat\u0103. Cu toate astea, nu disper \u0219i nici nu renun\u021b. Sunt pe-aici c\u0103ci mi-e drag blogul meu, c\u0103 de, e-al meu.<\/p>\n<p>F\u0103r\u0103 liste clare \u0219i promisiuni, v\u0103 zic doar at\u00eet: c\u0103 anul \u0103sta am luat deja bilete de avion pentru 10 zile \u00een Andalucia \u0219i abia a\u0219tept s\u0103 vin\u0103 luna aprilie!<\/p>\n<p><a href=\"https:\/\/www.funtur.ro\/blog\/wp-content\/uploads\/Escudo_de_Andaluc\u00eda_oficial.svg_.png\"><img loading=\"lazy\" decoding=\"async\" class=\"alignleft  wp-image-12315\" src=\"https:\/\/www.funtur.ro\/blog\/wp-content\/uploads\/Escudo_de_Andaluc\u00eda_oficial.svg_.png\" alt=\"Escudo_de_Andaluc\u00eda_(oficial).svg\" width=\"197\" height=\"338\" srcset=\"https:\/\/www.funtur.ro\/blog\/wp-content\/uploads\/Escudo_de_Andaluc\u00eda_oficial.svg_.png 320w, https:\/\/www.funtur.ro\/blog\/wp-content\/uploads\/Escudo_de_Andaluc\u00eda_oficial.svg_-175x300.png 175w\" sizes=\"auto, (max-width: 197px) 100vw, 197px\" \/><\/a><\/p>\n<p>M\u0103 preg\u0103tesc de o vizit\u0103 \u00een Canada \u0219i m-am luat cu m\u00eeinile de cap c\u00eend am v\u0103zut c\u00eet\u0103 birocra\u021bie implic\u0103 viza. Frate, e mai r\u0103u ca \u00een State! O s\u0103-mi prind urechile \u0219i o s\u0103 m\u0103 enervez sigur! Dar de hot\u0103r\u00eet\u0103, sunt hot\u0103r\u00eet\u0103! Am o prieten\u0103 bun\u0103 la Montreal \u0219i deja i-am promis c\u0103 m\u0103 duc, a\u0219a c\u0103 nu mai pot da \u00eenapoi.<\/p>\n<p><iframe loading=\"lazy\" src=\"https:\/\/www.youtube.com\/embed\/u7hjw5K6fao\" width=\"317\" height=\"178\" frameborder=\"0\" allowfullscreen=\"allowfullscreen\"><\/iframe><\/p>\n<p>\u0218i mai vreau la ski \u00een Fran\u021ba la finalul lunii viitoare pentru care sunt \u00een preg\u0103tiri avansate.<\/p>\n<p>Sper s\u0103 v\u0103d din nou <a href=\"https:\/\/www.funtur.ro\/blog\/2015\/10\/13\/cu-teodora-si-gasca-prin-delta\/\">Delta <\/a>anul \u0103sta, \u0219i nu o dat\u0103, ba chiar de dou\u0103 ori cu excelenta ga\u0219c\u0103 de anul trecut \u0219i-nc-odat\u0103 cu prieteni care vin din <a href=\"https:\/\/www.funtur.ro\/blog\/2015\/03\/29\/belgia-in-rezumat-extins\/\">Belgia<\/a>. Parc\u0103 \u0219i-n Belgia a\u0219 mai merge, dar poate nu chiar anul \u0103sta.<\/p>\n<p>M\u0103 mai tenteaz\u0103 un city break la <a href=\"https:\/\/www.funtur.ro\/blog\/2010\/10\/11\/barcelona-si-gaudi-ce-sa-nu-ratezi-iii\/\">Barcelona <\/a>c\u0103 parc\u0103 nu mi-a ajuns prima vizit\u0103.<\/p>\n<p>Mergem desigur \u00een tabere de <a href=\"https:\/\/www.funtur.ro\/blog\/2015\/07\/29\/in-cautarea-biodiversitatii-amfibieni-in-covasna\/\">#biodiversitate<\/a> cu <a href=\"http:\/\/www.dorupanaitescu.ro\/\">Doru Panaitescu<\/a> \u2013 abia a\u0219tept!<\/p>\n<p>\u0218i c\u00eentatul cu <a href=\"https:\/\/www.funtur.ro\/blog\/2015\/12\/02\/muzica-dragostea-mea-eterna-concert-song\/\">SONG <\/a>va r\u0103m\u00eene o permanen\u021b\u0103, ca \u0219i aventura cu <a href=\"http:\/\/www.scriedespretine.com\/\">SDT <\/a>unde preg\u0103tim tot felul de chestii.<\/p>\n<p>Restul, ce-o mai fi, s\u0103 fie! \u0218i hai, c\u0103 scriu mai des c\u0103 mi-a cam lipsit c\u0103su\u021ba asta \u0219i-am vizitat-o cam rar \u00een ultima vreme.<\/p>\n<p>Am o mul\u021bime de pove\u0219ti restante \u0219i-un pogon de poze. Dac\u0103 vede\u021bi c\u0103 m\u0103 dau dus\u0103, mai trage\u021bi-m\u0103 \u0219i voi de m\u00eenec\u0103!<\/p>\n<p>&nbsp;<\/p>\n","protected":false},"excerpt":{"rendered":"<p>&nbsp; Oric&icirc;t de mult mi-ar pl&#259;cea s&#259; cred c&#259;-s buricul p&#259;m&icirc;ntului &#537;i nu respira&#539;i bine f&#259;r&#259; articolele mele, e clar c&#259; &icirc;nc&#259; nu a intrat nimeni &icirc;n depresie pentru c&#259; blogul meu st&#259; cuminte &#537;i total lini&#537;tit de mai bine de o lun&#259;. &#536;i BBC &icirc;nc&#259; n-a comentat nimic c&#259; nu mi-am f&#259;cut o trecere [&hellip;]<\/p>\n","protected":false},"author":6,"featured_media":0,"comment_status":"open","ping_status":"open","sticky":false,"template":"","format":"standard","meta":{"footnotes":""},"categories":[1,2601],"tags":[2644,305,2646,2645],"class_list":["post-12298","post","type-post","status-publish","format-standard","hentry","category-altele","category-biodiversitate","tag-calatorii-in-2016","tag-city-break-barcelona","tag-ski-in-franta","tag-unde-mergem-anul-asta"],"_links":{"self":[{"href":"https:\/\/www.funtur.ro\/blog\/wp-json\/wp\/v2\/posts\/12298","targetHints":{"allow":["GET"]}}],"collection":[{"href":"https:\/\/www.funtur.ro\/blog\/wp-json\/wp\/v2\/posts"}],"about":[{"href":"https:\/\/www.funtur.ro\/blog\/wp-json\/wp\/v2\/types\/post"}],"author":[{"embeddable":true,"href":"https:\/\/www.funtur.ro\/blog\/wp-json\/wp\/v2\/users\/6"}],"replies":[{"embeddable":true,"href":"https:\/\/www.funtur.ro\/blog\/wp-json\/wp\/v2\/comments?post=12298"}],"version-history":[{"count":25,"href":"https:\/\/www.funtur.ro\/blog\/wp-json\/wp\/v2\/posts\/12298\/revisions"}],"predecessor-version":[{"id":12324,"href":"https:\/\/www.funtur.ro\/blog\/wp-json\/wp\/v2\/posts\/12298\/revisions\/12324"}],"wp:attachment":[{"href":"https:\/\/www.funtur.ro\/blog\/wp-json\/wp\/v2\/media?parent=12298"}],"wp:term":[{"taxonomy":"category","embeddable":true,"href":"https:\/\/www.funtur.ro\/blog\/wp-json\/wp\/v2\/categories?post=12298"},{"taxonomy":"post_tag","embeddable":true,"href":"https:\/\/www.funtur.ro\/blog\/wp-json\/wp\/v2\/tags?post=12298"}],"curies":[{"name":"wp","href":"https:\/\/api.w.org\/{rel}","templated":true}]}}