{"id":10753,"date":"2014-05-20T08:10:27","date_gmt":"2014-05-20T06:10:27","guid":{"rendered":"http:\/\/www.funtur.ro\/blog\/?p=10753"},"modified":"2015-02-23T18:27:30","modified_gmt":"2015-02-23T16:27:30","slug":"machu-pichu-subiectiv-la-bai-la-bai","status":"publish","type":"post","link":"https:\/\/www.funtur.ro\/blog\/2014\/05\/20\/machu-pichu-subiectiv-la-bai-la-bai\/","title":{"rendered":"Machu Picchu subiectiv &#8211; la b\u0103i, la b\u0103i!"},"content":{"rendered":"<p>&nbsp;<\/p>\n<p>Mi-e dor de America de Sud. Des. Mai am \u00eenc\u0103 o gr\u0103mad\u0103 de lucruri de scris despre Mexic, Argentina \u0219i Peru dar tot am\u00een. \u00cemi pare c\u0103 odat\u0103 cu scrisul o s\u0103 se termine \u0219i amintirile. Dau dovad\u0103 de un fel de zg\u00eercenie care m\u0103 face s\u0103 m\u0103 simt bine c\u00eend am un stoc de pove\u0219ti puse la dospit. Probabil c\u0103 unii dintre voi \u00een\u021beleg sentimentul. Mai mult, despre locurile extrem de mediatizate \u0219i comentate mi-e greu s\u0103 scriu c\u0103ci intervine teama de ridicol (dac\u0103 scriu platitudini ultra cunoscute \u0219i neinteresante?) \u0219i un soi de modestie pe care o simt \u00een fa\u021ba unor crea\u021bii (naturale sau umane, de oricare ar fi ele) care m\u0103 \u00eencarc\u0103 cu un soi de euforie \u0219i-n acela\u0219i timp cu o smerenie fireasc\u0103.<\/p>\n<p>Machu Pichu e poate unul dintre cele mai faimoase locuri de pe p\u0103m\u00eent \u0219i l-am <a href=\"https:\/\/www.funtur.ro\/blog\/2013\/04\/03\/machu-picchu-intre-panica-si-subiectivism\/\">abordat<\/a> cu mult\u0103 precau\u021bie \u0219i team\u0103. M\u0103 trag \u00eens\u0103 amintirile spre pove\u0219ti \u0219i nu vreau s\u0103 las prea multe lucruri neterminate. \u00cemi iau iar inima-n din\u021bi \u0219i continui pove\u0219tile despre drumul meu montan spre ora\u0219ul inca\u0219, drum pe care l-am l\u0103sat undeva pe la <a href=\"https:\/\/www.funtur.ro\/blog\/2013\/10\/04\/machu-picchu-subiectiv-salkantay-cu-grup-multinational-iv\/\">Santa Teresa<\/a>.<\/p>\n<p>Dup\u0103 c\u00eeteva zile de munte \u0219i de stat la cort, promisiunea unor b\u0103i termale suna destul de tentant din multe puncte de vedere. Dup\u0103 ce ne-am instalat cu to\u021bii lucrurile \u00een corturi pentru ultima noapte \u00eenainte de Machu Picchu, membrii <a href=\"https:\/\/www.funtur.ro\/blog\/2013\/07\/21\/machu-picchu-subiectiv-salkantay-cu-grupul-multinational-i\/http:\/\/\">grupului nostru <\/a>pestri\u021b \u0219i eterogen s-au urcat \u00een pas alert \u00een microbuzul care urma s\u0103 ne duc\u0103 la Banos Termales de Cocalmayo (b\u0103ile termale de la Cocalmayo). Afar\u0103 &#8211; cam 19 grade, cam reci\u0219or pentru b\u0103i.<\/p>\n<p>La prima impresie, o platform\u0103 cu ni\u0219te vestiare cam rudimentare, un du\u0219 afar\u0103 \u0219i un bufet cu ceva b\u0103uturi \u0219i cron\u021b\u0103nele, cu scaune \u0219i mese de plastic a\u0219a cam ca la noi la mare, la sta\u021biunile uitate de fi\u021be. Mai jos, sprijinite de munte, trei bazine m\u0103ri\u0219oare cu o ap\u0103 extrem de limpede \u00een care se l\u0103f\u0103iau vreo dou\u0103 grupuri de turi\u0219ti. Primul impuls a fost s\u0103 m\u0103 \u00eentreb ce vom face acolo timp de 2 ore \u00eenainte s\u0103 vin\u0103 ma\u0219ina s\u0103 ne ia.<\/p>\n<p><a href=\"http:\/\/s869.photobucket.com\/user\/Anca_Argesiu\/media\/Peru%20-%20Cocalmayo\/DSCN7383_zpse7415f9d.jpg.html\" target=\"_blank\"><img loading=\"lazy\" decoding=\"async\" src=\"http:\/\/i869.photobucket.com\/albums\/ab257\/Anca_Argesiu\/Peru%20-%20Cocalmayo\/DSCN7383_zpse7415f9d.jpg\" alt=\" photo DSCN7383_zpse7415f9d.jpg\" width=\"372\" height=\"271\" border=\"0\" \/><\/a><\/p>\n<p><a href=\"http:\/\/s869.photobucket.com\/user\/Anca_Argesiu\/media\/Peru%20-%20Cocalmayo\/DSCN7371_zps2c680eb6.jpg.html\" target=\"_blank\"><img loading=\"lazy\" decoding=\"async\" src=\"http:\/\/i869.photobucket.com\/albums\/ab257\/Anca_Argesiu\/Peru%20-%20Cocalmayo\/DSCN7371_zps2c680eb6.jpg\" alt=\" photo DSCN7371_zps2c680eb6.jpg\" width=\"371\" height=\"279\" border=\"0\" \/><\/a><\/p>\n<p><a href=\"http:\/\/s869.photobucket.com\/user\/Anca_Argesiu\/media\/Peru%20-%20Cocalmayo\/DSCN7380_zpsb2f502c8.jpg.html\" target=\"_blank\"><img loading=\"lazy\" decoding=\"async\" src=\"http:\/\/i869.photobucket.com\/albums\/ab257\/Anca_Argesiu\/Peru%20-%20Cocalmayo\/DSCN7380_zpsb2f502c8.jpg\" alt=\" photo DSCN7380_zpsb2f502c8.jpg\" width=\"372\" height=\"279\" border=\"0\" \/><\/a><\/p>\n<p>Nu mi-am mai pus nici o \u00eentrebare dup\u0103 ce am intrat \u00een ap\u0103. Cum ne-am \u00eempr\u0103\u0219tiat pe peste tot, cur\u00eend ne-am prins c\u0103 fiecare bazin e diferit &#8211; ap\u0103 c\u0103ldu\u021b\u0103, mai c\u0103ldu\u021b\u0103 \u0219i cald\u0103 de-a dreptul. O vreme am trecut de colo colo \u00een schimb de experien\u021b\u0103 p\u00een\u0103 am stabilit care are temperatura cea mai convenabil\u0103. Asta pentru c\u0103 aveam de unde alege. C\u0103 altfel, toate erau potrivite pentru mu\u0219chii solicita\u021bi pe munte \u0219i pentru pielicica noastr\u0103 t\u0103v\u0103lit\u0103 prin corturi. Ah, \u0219i mai ales t\u0103lpile!<\/p>\n<p><a href=\"http:\/\/s869.photobucket.com\/user\/Anca_Argesiu\/media\/Peru%20-%20Cocalmayo\/DSCN7384_zpsf689d678.jpg.html\" target=\"_blank\"><img loading=\"lazy\" decoding=\"async\" src=\"http:\/\/i869.photobucket.com\/albums\/ab257\/Anca_Argesiu\/Peru%20-%20Cocalmayo\/DSCN7384_zpsf689d678.jpg\" alt=\" photo DSCN7384_zpsf689d678.jpg\" width=\"375\" height=\"281\" border=\"0\" \/><\/a><\/p>\n<p>Nu ne-am l\u0103sat p\u00een\u0103 n-am f\u0103cut clasicele poze cu apa cald\u0103 care-\u021bi cade-n cap sau pe care o po\u021bi direc\u021biona c\u0103tre capul celui de l\u00eeng\u0103 tine dac\u0103 \u0219tii cum s\u0103 te a\u0219ezi. Ai, lentilele mele!!!! Al\u0103turi, la doi pa\u0219i, du\u0219uri naturale cu ap\u0103 rece. I-am l\u0103sat pe al\u021bii la \u0219ocul termic \u0219i ne-am stabilizat \u00een bazinul din mijloc unde fiecare dege\u021bel \u00een parte, fiecare buc\u0103\u021bic\u0103, mai mare sau mai mic\u0103 a corpurilor noastre a tr\u0103it o stare de beatitudine sor\u0103 cu extazul.<\/p>\n<p><a href=\"http:\/\/s869.photobucket.com\/user\/Anca_Argesiu\/media\/Peru%20-%20Cocalmayo\/DSCN7378_zpsfd6655de.jpg.html\" target=\"_blank\"><img loading=\"lazy\" decoding=\"async\" src=\"http:\/\/i869.photobucket.com\/albums\/ab257\/Anca_Argesiu\/Peru%20-%20Cocalmayo\/DSCN7378_zpsfd6655de.jpg\" alt=\" photo DSCN7378_zpsfd6655de.jpg\" width=\"380\" height=\"285\" border=\"0\" \/><\/a><\/p>\n<p><a href=\"http:\/\/s869.photobucket.com\/user\/Anca_Argesiu\/media\/Peru%20-%20Cocalmayo\/DSCN7377_zps452ecbcc.jpg.html\" target=\"_blank\"><img loading=\"lazy\" decoding=\"async\" src=\"http:\/\/i869.photobucket.com\/albums\/ab257\/Anca_Argesiu\/Peru%20-%20Cocalmayo\/DSCN7377_zps452ecbcc.jpg\" alt=\" photo DSCN7377_zps452ecbcc.jpg\" width=\"381\" height=\"279\" border=\"0\" \/><\/a><\/p>\n<p>\u0218i parc\u0103 \u0219i grupul a p\u0103rut mai unit \u00een mul\u021bumimirile sale individuale. Ca o dovad\u0103 a relativit\u0103\u021bii timpului, am r\u0103mas suspenda\u021bi acolo, imersa\u021bi \u00een apa perfect clar\u0103, verde-alb\u0103struie, ap\u0103ra\u021bi de muntele mam\u0103.<\/p>\n<p><a href=\"http:\/\/s869.photobucket.com\/user\/Anca_Argesiu\/media\/Peru%20-%20Cocalmayo\/Ferinthepool_zpsc4acb928.jpg.html\" target=\"_blank\"><img loading=\"lazy\" decoding=\"async\" src=\"http:\/\/i869.photobucket.com\/albums\/ab257\/Anca_Argesiu\/Peru%20-%20Cocalmayo\/Ferinthepool_zpsc4acb928.jpg\" alt=\" photo Ferinthepool_zpsc4acb928.jpg\" width=\"382\" height=\"223\" border=\"0\" \/><\/a><\/p>\n<p>\u0218ti\u021bi \u00eens\u0103 c\u00eet de nestatornicim suntem &#8211; b\u0103ie\u021bii am \u00eenceput s\u0103 culeag\u0103 pietricle de pe fundul bazinului \u0219i s\u0103 \u0219i le pun\u0103 pe cap \u00een echilibru, intr\u00eend bine\u00een\u021beles \u00een competi\u021bie. Care \u021bine mai multe una peste alta.<\/p>\n<p>Pe l\u00eeng\u0103 noi mai erau ceva localnici \u0219i dou\u0103 grupuri cu preponderen\u021b\u0103 nord american\u0103. Unii dintre tinerii americani au avut tentative de teribilism, st\u0103vilite scurt \u0219i precis de paz\u0103. Da, b\u0103ile sunt p\u0103zite &#8211; n-ai voie s\u0103 te duci la bazin cu b\u0103uturi alcolice (dac\u0103 vrei s\u0103 bei, te duci sus la teras\u0103) \u0219i n-ai voie s\u0103 sco\u021bi pietricele din bazin. Adic\u0103 exact ce \u00eencercau 2 tineri americani care: 1) s-au \u00eenfiin\u021bat cu berile &#8211; au fost imediat fluiera\u021bi \u0219i li s-a indicat (un gest clar cu degetul, ca s\u0103 nu existe confuzii de limb\u0103) s\u0103-\u0219i ia t\u0103lp\u0103\u0219i\u021ba de l\u00eeng\u0103 ap\u0103; 2) au \u00eenceput s\u0103 scoat\u0103 pietre \u0219i s\u0103 le pun\u0103 pe marginea de piatr\u0103 a bazinului &#8211; s-a soldat cu alte fluier\u0103turi, venit paznic la fa\u021ba locului, aruncat pietricele la loc \u00een bazin \u0219i dat energic din cap \u0219i din deget a nega\u021bie vehement\u0103, gesturi \u00eenso\u021bite desigur de &#8220;Es prohibido! \u00bfMe Entiendes?&#8221;\u00a0 Entiendes \u0103sta nu e chiar ce pare a fi, nu e un simplu &#8220;\u00cen\u021belegi?&#8221; ci o form\u0103 de a te face ignorant \u00eentr-un mod mai pu\u021bin brutal.<\/p>\n<p><a href=\"http:\/\/s869.photobucket.com\/user\/Anca_Argesiu\/media\/Peru%20-%20Cocalmayo\/DSCN7385_zpsf68929a7.jpg.html\" target=\"_blank\"><img loading=\"lazy\" decoding=\"async\" src=\"http:\/\/i869.photobucket.com\/albums\/ab257\/Anca_Argesiu\/Peru%20-%20Cocalmayo\/DSCN7385_zpsf68929a7.jpg\" alt=\" photo DSCN7385_zpsf68929a7.jpg\" width=\"295\" height=\"393\" border=\"0\" \/><\/a><\/p>\n<p>A\u0219a minunate cum sunt, b\u0103ile astea au fost \u0219i mai \u0219i, \u00eenainte de inunda\u021biile masive din zon\u0103, din 2010 c\u00eend bazinele au fost practic distruse. Au fost ref\u0103cute, spre bucuria localnicilor \u0219i a turi\u0219tilor noroco\u0219i. Atmosfera e at\u00eet de lipsit\u0103 de artificialitate \u0219i relaxarea sor\u0103 cu beatitudinea, \u00eenc\u00eet nu cred c\u0103 voi mai pune piciorul prea cur\u00eend pe la alte b\u0103i. Acum \u00een\u021belege\u021bi \u0219i de ce am privit cu o mil\u0103 \u00eeng\u0103duitoare b\u0103ile din <a href=\"https:\/\/www.funtur.ro\/blog\/2013\/01\/13\/valea-si-canionul-colca-din-peru-ce-nuce-da-cum-nucum-da\/\">Valea Colca<\/a>. Standardele au crescut sim\u021bitor. Dar dac\u0103 \u0219ti\u021bi voi altele demne de aten\u021bie, nu m\u0103 dau \u00een l\u0103turi s\u0103 \u00eencerc.<\/p>\n<p>&nbsp;<\/p>\n","protected":false},"excerpt":{"rendered":"<p>&nbsp; Mi-e dor de America de Sud. Des. Mai am &icirc;nc&#259; o gr&#259;mad&#259; de lucruri de scris despre Mexic, Argentina &#537;i Peru dar tot am&icirc;n. &Icirc;mi pare c&#259; odat&#259; cu scrisul o s&#259; se termine &#537;i amintirile. Dau dovad&#259; de un fel de zg&icirc;rcenie care m&#259; face s&#259; m&#259; simt bine c&icirc;nd am un stoc [&hellip;]<\/p>\n","protected":false},"author":6,"featured_media":0,"comment_status":"open","ping_status":"open","sticky":false,"template":"","format":"standard","meta":{"footnotes":""},"categories":[10,9,6],"tags":[2424,2425,2426,2423,2422,2192],"class_list":["post-10753","post","type-post","status-publish","format-standard","hentry","category-atractii-turistice","category-insemnari-din-calatorii","category-prin-lume","tag-apele-termale-de-la-cocalmayo-si-colca","tag-apele-termale-peruane","tag-bai-termale-linga-machu-picchu","tag-in-drum-spre-machu-picchu","tag-minunile-peruane","tag-pe-traseul-salkantay-spre-machu-picchu"],"_links":{"self":[{"href":"https:\/\/www.funtur.ro\/blog\/wp-json\/wp\/v2\/posts\/10753","targetHints":{"allow":["GET"]}}],"collection":[{"href":"https:\/\/www.funtur.ro\/blog\/wp-json\/wp\/v2\/posts"}],"about":[{"href":"https:\/\/www.funtur.ro\/blog\/wp-json\/wp\/v2\/types\/post"}],"author":[{"embeddable":true,"href":"https:\/\/www.funtur.ro\/blog\/wp-json\/wp\/v2\/users\/6"}],"replies":[{"embeddable":true,"href":"https:\/\/www.funtur.ro\/blog\/wp-json\/wp\/v2\/comments?post=10753"}],"version-history":[{"count":21,"href":"https:\/\/www.funtur.ro\/blog\/wp-json\/wp\/v2\/posts\/10753\/revisions"}],"predecessor-version":[{"id":11857,"href":"https:\/\/www.funtur.ro\/blog\/wp-json\/wp\/v2\/posts\/10753\/revisions\/11857"}],"wp:attachment":[{"href":"https:\/\/www.funtur.ro\/blog\/wp-json\/wp\/v2\/media?parent=10753"}],"wp:term":[{"taxonomy":"category","embeddable":true,"href":"https:\/\/www.funtur.ro\/blog\/wp-json\/wp\/v2\/categories?post=10753"},{"taxonomy":"post_tag","embeddable":true,"href":"https:\/\/www.funtur.ro\/blog\/wp-json\/wp\/v2\/tags?post=10753"}],"curies":[{"name":"wp","href":"https:\/\/api.w.org\/{rel}","templated":true}]}}