{"id":10267,"date":"2013-11-12T16:57:58","date_gmt":"2013-11-12T14:57:58","guid":{"rendered":"http:\/\/www.funtur.ro\/blog\/?p=10267"},"modified":"2013-11-12T16:57:58","modified_gmt":"2013-11-12T14:57:58","slug":"mic-indreptar-de-bucurie-in-calatorii-scopul-ii","status":"publish","type":"post","link":"https:\/\/www.funtur.ro\/blog\/2013\/11\/12\/mic-indreptar-de-bucurie-in-calatorii-scopul-ii\/","title":{"rendered":"Mic \u00eendreptar de bucurie \u00een c\u0103l\u0103torii &#8211; SCOPUL (II)"},"content":{"rendered":"<p>&nbsp;<\/p>\n<p>&#8220;Puturoas\u0103 r\u0103u!&#8221; a\u0163i putea zice voi, \u015fi pe bun\u0103 dreptate. M-am apucat de un <a href=\"https:\/\/www.funtur.ro\/blog\/2013\/04\/07\/mic-indreptar-de-bucurie-in-calatorii-scopul\/\">\u00eendreptar subiectiv<\/a> \u015fi mi-a trebuit o jum\u0103tate de an s\u0103 scriu episodul II. A\u015fa e cu unele subiecte &#8211; \u00ee\u0163i vin din impuls dar \u00ee\u0163i trebuie timp s\u0103 le &#8220;maturezi&#8221;. Ei uite, c\u0103 mi-am g\u0103sit scuza perfect\u0103! Asta era! Nu eram preg\u0103tit\u0103.<\/p>\n<p>P\u0103i ce, acuma sunt? Sunt, nu sunt, e un subiect care-mi d\u0103 t\u00eercoale \u015fi simt un imbold de a-l confrunta direct. Acum ori niciodat\u0103. Ziceam eu, cu marea \u00een\u0163elepciune pe care \u0163i-o dau vis\u0103rile pierdute-n amintiri, c\u0103 e bine s\u0103 pleci la drum cu un SCOP clar. Cu alte cuvinte, ca s\u0103 nu ai surpriza de a fi dezam\u0103git, e preferabil s\u0103 ai idee dac\u0103 pleci s\u0103-\u0163i bronzezi nasul, dac\u0103 \u00ee\u0163i dore\u015fti s\u0103 te \u00eendopi cu baclavale sau fructe de mare, dac\u0103 inten\u0163ionezi s\u0103 cucere\u015fti crestele unui munte, dac\u0103 undeva \u00eentr-un ora\u015f te a\u015fteapt\u0103 o pereche de pantofi cu numele t\u0103u pe ea sau dac\u0103 visezi s\u0103 tr\u0103ie\u015fti o intens\u0103 \u015fi profund\u0103 experin\u0163\u0103 spiritual\u0103.<\/p>\n<p style=\"text-align: center;\"><a href=\"http:\/\/s869.photobucket.com\/user\/Anca_Argesiu\/media\/CulorileoceanuluilaParacas_zps85a6fc7d.jpg.html\" target=\"_blank\"><img loading=\"lazy\" decoding=\"async\" class=\"aligncenter\" style=\"border: 0px none;\" alt=\" photo CulorileoceanuluilaParacas_zps85a6fc7d.jpg\" src=\"http:\/\/i869.photobucket.com\/albums\/ab257\/Anca_Argesiu\/CulorileoceanuluilaParacas_zps85a6fc7d.jpg\" width=\"430\" height=\"323\" border=\"0\" \/><\/a><br \/>\n<a href=\"http:\/\/s869.photobucket.com\/user\/Anca_Argesiu\/media\/Deliciiperuane_zps4a1d2962.jpg.html\" target=\"_blank\"><img loading=\"lazy\" decoding=\"async\" class=\"aligncenter\" style=\"border: 0px none;\" alt=\" photo Deliciiperuane_zps4a1d2962.jpg\" src=\"http:\/\/i869.photobucket.com\/albums\/ab257\/Anca_Argesiu\/Deliciiperuane_zps4a1d2962.jpg\" width=\"430\" height=\"323\" border=\"0\" \/><\/a><br \/>\n<a href=\"http:\/\/s869.photobucket.com\/user\/Anca_Argesiu\/media\/NorilaSchit_zps2f6fd41b.jpg.html\" target=\"_blank\"><img loading=\"lazy\" decoding=\"async\" class=\"aligncenter\" style=\"border: 0px none;\" alt=\" photo NorilaSchit_zps2f6fd41b.jpg\" src=\"http:\/\/i869.photobucket.com\/albums\/ab257\/Anca_Argesiu\/NorilaSchit_zps2f6fd41b.jpg\" width=\"430\" height=\"323\" border=\"0\" \/><\/a><\/p>\n<p>Cu alte cuvinte, dac\u0103 pleci ca mine la <a href=\"https:\/\/www.funtur.ro\/blog\/2013\/04\/03\/machu-picchu-intre-panica-si-subiectivism\/#.Ul5KZBBmM1I\">Machu Picchu<\/a>, p\u0103i du-te la Machu Picchu, nu pe munte. Sunt dou\u0103 experien\u0163e total diferite. Poate s-ar completa dac\u0103 ai pleca de capul t\u0103u \u015fi nu cu grup organizat. Am scris o parte din experien\u0163a mea de pe <a href=\"https:\/\/www.funtur.ro\/blog\/2013\/10\/04\/machu-picchu-subiectiv-salkantay-cu-grup-multinational-iv\/\">Salkantay<\/a>, pe care n-o regret nici o secund\u0103 dar care putea fi mult mai interesant\u0103 dac\u0103 a\u015f fi mers cu oameni cunoscu\u0163i \u015fi f\u0103r\u0103 ghid. Machu Picchu, ca orice destina\u0163ie de acest fel, ar trebui s\u0103 fie o experien\u0163\u0103 \u00een sine. Fie c\u0103 e\u015fti pasionat de istorie, c\u0103 te fascineaz\u0103 ruinele \u015fi misterul ce plute\u015fte totdeauna asupra lor ori c\u0103 vrei o experien\u0163\u0103 spiritual\u0103, Machu Picchu e de v\u0103zut f\u0103r\u0103 ghid. Teoretic, nu se poate. Practic, po\u0163i pl\u0103ti turul iar acolo \u00ee\u0163i po\u0163i vedea de ale tale. Ideal e s\u0103 stai o zi \u00eentreag\u0103 &#8211; s\u0103 ajungi cu primul autobuz la care trebuie s\u0103 fi la coad\u0103 cam pe la 4, 4 \u015fi jum\u0103tate diminea\u0163a (sau s\u0103 urci pe jos la 4 \u015fi jum\u0103tate diminea\u0163a) c\u00eend \u00eenc\u0103 e lume pu\u0163in\u0103 \u015fi ora\u015ful e \u00een cea\u0163\u0103, \u015fi s\u0103 pleci la finalul zilei ca s\u0103 prinzi lumina aurie de dup\u0103-amiaz\u0103. Din p\u0103cate situl se \u00eenchide la 4pm deci nu po\u0163i prinde \u015fi apusul acolo.<\/p>\n<p style=\"text-align: center;\"><a href=\"http:\/\/s869.photobucket.com\/user\/Anca_Argesiu\/media\/Salkantay%202\/MPlaprimaora_zpsb605e1b2.jpg.html\" target=\"_blank\"><img loading=\"lazy\" decoding=\"async\" class=\"aligncenter\" style=\"border: 0px none;\" alt=\" photo MPlaprimaora_zpsb605e1b2.jpg\" src=\"http:\/\/i869.photobucket.com\/albums\/ab257\/Anca_Argesiu\/Salkantay%202\/MPlaprimaora_zpsb605e1b2.jpg\" width=\"430\" height=\"281\" border=\"0\" \/><\/a><br \/>\n<a href=\"http:\/\/s869.photobucket.com\/user\/Anca_Argesiu\/media\/Salkantay%202\/Muntelemisterios_zps8e55831f.jpg.html\" target=\"_blank\"><img loading=\"lazy\" decoding=\"async\" class=\"aligncenter\" style=\"border: 0px none;\" alt=\" photo Muntelemisterios_zps8e55831f.jpg\" src=\"http:\/\/i869.photobucket.com\/albums\/ab257\/Anca_Argesiu\/Salkantay%202\/Muntelemisterios_zps8e55831f.jpg\" width=\"430\" height=\"322\" border=\"0\" \/><\/a><br \/>\n<a href=\"http:\/\/s869.photobucket.com\/user\/Anca_Argesiu\/media\/Salkantay%202\/Terasedecultura_zps4aa26787.jpg.html\" target=\"_blank\"><img loading=\"lazy\" decoding=\"async\" class=\"aligncenter\" style=\"border: 0px none;\" alt=\" photo Terasedecultura_zps4aa26787.jpg\" src=\"http:\/\/i869.photobucket.com\/albums\/ab257\/Anca_Argesiu\/Salkantay%202\/Terasedecultura_zps4aa26787.jpg\" width=\"430\" height=\"323\" border=\"0\" \/><\/a><br \/>\n<a href=\"http:\/\/s869.photobucket.com\/user\/Anca_Argesiu\/media\/Salkantay%202\/Dupa-amiazalaMP_zps1009ad3d.jpg.html\" target=\"_blank\"><img loading=\"lazy\" decoding=\"async\" class=\"aligncenter\" style=\"border: 0px none;\" alt=\" photo Dupa-amiazalaMP_zps1009ad3d.jpg\" src=\"http:\/\/i869.photobucket.com\/albums\/ab257\/Anca_Argesiu\/Salkantay%202\/Dupa-amiazalaMP_zps1009ad3d.jpg\" width=\"323\" height=\"430\" border=\"0\" \/><\/a><\/p>\n<p>Revenind la scop, ideea e c\u0103 dac\u0103 te duci la Machu Picchu sau orice alt\u0103 destina\u0163ie de genul \u0103sta ca s-o adaugi pe lista de obiective bifate, ri\u015fti s\u0103 r\u0103m\u00eei cu gustul amar al dezam\u0103girii \u015fi s\u0103 treci pe l\u00eeng\u0103 o emo\u0163ie sau o experien\u0163\u0103 real\u0103.<\/p>\n<p>Pe scurt, dac\u0103 pleci la Milano la cump\u0103r\u0103turi, bucur\u0103-te c-ai g\u0103sit geanta vie\u0163ii tale \u015fi las\u0103 muzeele pentru alt\u0103 vizit\u0103. Dar dac\u0103 mersul la cump\u0103r\u0103turi te calc\u0103 pe nervi, las\u0103-i pe al\u0163ii s\u0103 caute comori, tu du-te la plimbare. Alege ce-\u0163i place \u015fi nu amesteca lucrurile.<\/p>\n<p>Dac\u0103 ave\u0163i alt\u0103 p\u0103rere, sunt numai urechi!<\/p>\n","protected":false},"excerpt":{"rendered":"<p>&nbsp; &ldquo;Puturoas&#259; r&#259;u!&rdquo; a&#355;i putea zice voi, &#351;i pe bun&#259; dreptate. M-am apucat de un &icirc;ndreptar subiectiv &#351;i mi-a trebuit o jum&#259;tate de an s&#259; scriu episodul II. A&#351;a e cu unele subiecte &ndash; &icirc;&#355;i vin din impuls dar &icirc;&#355;i trebuie timp s&#259; le &ldquo;maturezi&rdquo;. Ei uite, c&#259; mi-am g&#259;sit scuza perfect&#259;! Asta era! Nu [&hellip;]<\/p>\n","protected":false},"author":6,"featured_media":0,"comment_status":"open","ping_status":"open","sticky":false,"template":"","format":"standard","meta":{"footnotes":""},"categories":[1324,10,9,6],"tags":[2247,1936,2248,2249,2251,2250,1938],"class_list":["post-10267","post","type-post","status-publish","format-standard","hentry","category-am-aflat","category-atractii-turistice","category-insemnari-din-calatorii","category-prin-lume","tag-alegerile-in-calatorii","tag-bucuriile-din-calatorii","tag-cumparaturi-sau-muzee","tag-machu-picchu-subiectiv","tag-mic-indreptar-de-calatorii","tag-munte-sau-mare","tag-scopul-in-calatorii"],"_links":{"self":[{"href":"https:\/\/www.funtur.ro\/blog\/wp-json\/wp\/v2\/posts\/10267","targetHints":{"allow":["GET"]}}],"collection":[{"href":"https:\/\/www.funtur.ro\/blog\/wp-json\/wp\/v2\/posts"}],"about":[{"href":"https:\/\/www.funtur.ro\/blog\/wp-json\/wp\/v2\/types\/post"}],"author":[{"embeddable":true,"href":"https:\/\/www.funtur.ro\/blog\/wp-json\/wp\/v2\/users\/6"}],"replies":[{"embeddable":true,"href":"https:\/\/www.funtur.ro\/blog\/wp-json\/wp\/v2\/comments?post=10267"}],"version-history":[{"count":17,"href":"https:\/\/www.funtur.ro\/blog\/wp-json\/wp\/v2\/posts\/10267\/revisions"}],"predecessor-version":[{"id":10451,"href":"https:\/\/www.funtur.ro\/blog\/wp-json\/wp\/v2\/posts\/10267\/revisions\/10451"}],"wp:attachment":[{"href":"https:\/\/www.funtur.ro\/blog\/wp-json\/wp\/v2\/media?parent=10267"}],"wp:term":[{"taxonomy":"category","embeddable":true,"href":"https:\/\/www.funtur.ro\/blog\/wp-json\/wp\/v2\/categories?post=10267"},{"taxonomy":"post_tag","embeddable":true,"href":"https:\/\/www.funtur.ro\/blog\/wp-json\/wp\/v2\/tags?post=10267"}],"curies":[{"name":"wp","href":"https:\/\/api.w.org\/{rel}","templated":true}]}}